{"id":347257,"date":"2025-02-17T12:07:50","date_gmt":"2025-02-17T09:07:50","guid":{"rendered":"https:\/\/sana.sy\/es\/?p=347257"},"modified":"2025-02-17T12:08:52","modified_gmt":"2025-02-17T09:08:52","slug":"siria-participa-en-conferencia-sobre-economias-de-mercados-emergentes-en-arabia-saudita","status":"publish","type":"post","link":"https:\/\/archive.sana.sy\/es\/?p=347257","title":{"rendered":"Siria participa en Conferencia sobre Econom\u00edas de Mercados Emergentes en Arabia Saudita"},"content":{"rendered":"<p style=\"text-align: justify;\"><span style=\"color: #800000;\"><strong>Yed\u00e1, 17 feb (SANA) <\/strong><\/span>El ministro de Asuntos Exteriores y Expatriados, Asaad Al-Shaibani, particip\u00f3 en la Conferencia \u201cAl-Ula\u201d para Econom\u00edas de Mercados Emergentes, celebrada en la ciudad de Al-Ula en el Reino de Arabia Saudita.<\/p>\n<p style=\"text-align: justify;\">En la conferencia, se debati\u00f3 una hoja de ruta para la visi\u00f3n econ\u00f3mica de Siria y el levantamiento de las sanciones para permitir la recuperaci\u00f3n econ\u00f3mica.<\/p>\n<p style=\"text-align: justify;\">Los temas m\u00e1s importantes abordados fueron la reintegraci\u00f3n del Banco Central de Siria al sistema internacional, la representaci\u00f3n de Siria en el Banco Mundial y el Fondo Monetario Internacional, y la exploraci\u00f3n de asistencia t\u00e9cnica.<\/p>\n<p style=\"text-align: justify;\">Al-Shaibani se reuni\u00f3 en el marco de este evento con el ministro de Finanzas saud\u00ed, Mohammed bin Abdullah Al-Jadaan.<\/p>\n","protected":false},"excerpt":{"rendered":"<p>Yed\u00e1, 17 feb (SANA) El ministro de Asuntos Exteriores y Expatriados, Asaad Al-Shaibani, particip\u00f3 en la Conferencia \u201cAl-Ula\u201d para Econom\u00edas de Mercados Emergentes, celebrada en la ciudad de Al-Ula en el Reino de Arabia Saudita. En la conferencia, se debati\u00f3 una hoja de ruta para la visi\u00f3n econ\u00f3mica de Siria y el levantamiento de las &hellip;<\/p>\n","protected":false},"author":42,"featured_media":347262,"comment_status":"closed","ping_status":"closed","sticky":false,"template":"","format":"standard","meta":{"footnotes":""},"categories":[597,20724,467,7541,1],"tags":[],"class_list":["post-347257","post","type-post","status-publish","format-standard","has-post-thumbnail","","category-cinta-de-noticias","category-minuto-a-minuto","category-siria-y-el-mundo","category-ultimas-noticias","category-news-not-sorted"],"_links":{"self":[{"href":"https:\/\/archive.sana.sy\/es\/index.php?rest_route=\/wp\/v2\/posts\/347257"}],"collection":[{"href":"https:\/\/archive.sana.sy\/es\/index.php?rest_route=\/wp\/v2\/posts"}],"about":[{"href":"https:\/\/archive.sana.sy\/es\/index.php?rest_route=\/wp\/v2\/types\/post"}],"author":[{"embeddable":true,"href":"https:\/\/archive.sana.sy\/es\/index.php?rest_route=\/wp\/v2\/users\/42"}],"replies":[{"embeddable":true,"href":"https:\/\/archive.sana.sy\/es\/index.php?rest_route=%2Fwp%2Fv2%2Fcomments&post=347257"}],"version-history":[{"count":1,"href":"https:\/\/archive.sana.sy\/es\/index.php?rest_route=\/wp\/v2\/posts\/347257\/revisions"}],"predecessor-version":[{"id":347261,"href":"https:\/\/archive.sana.sy\/es\/index.php?rest_route=\/wp\/v2\/posts\/347257\/revisions\/347261"}],"wp:featuredmedia":[{"embeddable":true,"href":"https:\/\/archive.sana.sy\/es\/index.php?rest_route=\/wp\/v2\/media\/347262"}],"wp:attachment":[{"href":"https:\/\/archive.sana.sy\/es\/index.php?rest_route=%2Fwp%2Fv2%2Fmedia&parent=347257"}],"wp:term":[{"taxonomy":"category","embeddable":true,"href":"https:\/\/archive.sana.sy\/es\/index.php?rest_route=%2Fwp%2Fv2%2Fcategories&post=347257"},{"taxonomy":"post_tag","embeddable":true,"href":"https:\/\/archive.sana.sy\/es\/index.php?rest_route=%2Fwp%2Fv2%2Ftags&post=347257"}],"curies":[{"name":"wp","href":"https:\/\/api.w.org\/{rel}","templated":true}]}}