{"id":347314,"date":"2025-02-18T09:03:43","date_gmt":"2025-02-18T06:03:43","guid":{"rendered":"https:\/\/sana.sy\/es\/?p=347314"},"modified":"2025-02-18T09:03:51","modified_gmt":"2025-02-18T06:03:51","slug":"el-catholicos-aram-i-keshishian-felicita-al-presidente-ahmed-al-shara-por-asumir-la-presidencia-de-siria","status":"publish","type":"post","link":"https:\/\/archive.sana.sy\/es\/?p=347314","title":{"rendered":"El Catholic\u00f3s Aram I Keshishian felicita al presidente Ahmed Al-Shara por asumir la presidencia de Siria"},"content":{"rendered":"<p style=\"text-align: justify;\"><span style=\"color: #800000;\"><strong>Beirut, 18 feb (SANA)<\/strong><\/span> El Catholic\u00f3s de todos los armenios de la Gran Casa de Cilicia, Aram I Keshishian, felicit\u00f3 al presidente de la Rep\u00fablica \u00c1rabe Siria, Ahmad Al-Shara, por haber asumido la presidencia.<\/p>\n<p style=\"text-align: justify;\">\u200fEl Catholicos dijo en su mensaje enviado en su nombre y en el de la comunidad armenia en Siria, que el pueblo sirio, con sus diversas religiones, ha pasado por innumerables dificultades y penurias, pero ha resistido, armado de paciencia y esperanza de que la justicia y la igualdad prevalecer\u00e1n en el pa\u00eds y que los derechos de todos los sirios ser\u00e1n respetados por igual sin discriminaci\u00f3n.<\/p>\n<p style=\"text-align: justify;\">\u200fEl Catholicos Aram I expres\u00f3 su esperanza de que se abra una nueva p\u00e1gina de bienestar en la historia de Siria, gracias al sabio liderazgo del Presidente Shara, dese\u00e1ndole \u00e9xito en sus funciones.<\/p>\n<p style=\"text-align: justify;\">\n","protected":false},"excerpt":{"rendered":"<p>Beirut, 18 feb (SANA) El Catholic\u00f3s de todos los armenios de la Gran Casa de Cilicia, Aram I Keshishian, felicit\u00f3 al presidente de la Rep\u00fablica \u00c1rabe Siria, Ahmad Al-Shara, por haber asumido la presidencia. \u200fEl Catholicos dijo en su mensaje enviado en su nombre y en el de la comunidad armenia en Siria, que el &hellip;<\/p>\n","protected":false},"author":42,"featured_media":347315,"comment_status":"closed","ping_status":"closed","sticky":false,"template":"","format":"standard","meta":{"footnotes":""},"categories":[597,20724,467,7541],"tags":[],"class_list":["post-347314","post","type-post","status-publish","format-standard","has-post-thumbnail","","category-cinta-de-noticias","category-minuto-a-minuto","category-siria-y-el-mundo","category-ultimas-noticias"],"_links":{"self":[{"href":"https:\/\/archive.sana.sy\/es\/index.php?rest_route=\/wp\/v2\/posts\/347314"}],"collection":[{"href":"https:\/\/archive.sana.sy\/es\/index.php?rest_route=\/wp\/v2\/posts"}],"about":[{"href":"https:\/\/archive.sana.sy\/es\/index.php?rest_route=\/wp\/v2\/types\/post"}],"author":[{"embeddable":true,"href":"https:\/\/archive.sana.sy\/es\/index.php?rest_route=\/wp\/v2\/users\/42"}],"replies":[{"embeddable":true,"href":"https:\/\/archive.sana.sy\/es\/index.php?rest_route=%2Fwp%2Fv2%2Fcomments&post=347314"}],"version-history":[{"count":1,"href":"https:\/\/archive.sana.sy\/es\/index.php?rest_route=\/wp\/v2\/posts\/347314\/revisions"}],"predecessor-version":[{"id":347316,"href":"https:\/\/archive.sana.sy\/es\/index.php?rest_route=\/wp\/v2\/posts\/347314\/revisions\/347316"}],"wp:featuredmedia":[{"embeddable":true,"href":"https:\/\/archive.sana.sy\/es\/index.php?rest_route=\/wp\/v2\/media\/347315"}],"wp:attachment":[{"href":"https:\/\/archive.sana.sy\/es\/index.php?rest_route=%2Fwp%2Fv2%2Fmedia&parent=347314"}],"wp:term":[{"taxonomy":"category","embeddable":true,"href":"https:\/\/archive.sana.sy\/es\/index.php?rest_route=%2Fwp%2Fv2%2Fcategories&post=347314"},{"taxonomy":"post_tag","embeddable":true,"href":"https:\/\/archive.sana.sy\/es\/index.php?rest_route=%2Fwp%2Fv2%2Ftags&post=347314"}],"curies":[{"name":"wp","href":"https:\/\/api.w.org\/{rel}","templated":true}]}}