{"id":347338,"date":"2025-02-18T17:22:20","date_gmt":"2025-02-18T14:22:20","guid":{"rendered":"https:\/\/sana.sy\/es\/?p=347338"},"modified":"2025-02-18T17:57:21","modified_gmt":"2025-02-18T14:57:21","slug":"presidente-al-shara-recibe-felicitacion-del-exprimer-ministro-libanes-saad-hariri","status":"publish","type":"post","link":"https:\/\/archive.sana.sy\/es\/?p=347338","title":{"rendered":"Presidente Al-Shara recibe felicitaci\u00f3n del exprimer ministro liban\u00e9s, Saad Hariri"},"content":{"rendered":"<p style=\"text-align: justify\"><span style=\"color: #800000\"><strong>Damasco, 18 feb (SANA)<\/strong> <\/span>El presidente de la Rep\u00fablica \u00c1rabe Siria, Ahmad Al-Shara, recibi\u00f3 un mensaje de felicitaci\u00f3n del ex primer ministro liban\u00e9s, Saad Hariri.<\/p>\n<p style=\"text-align: justify\">Hariri dijo que el nombramiento de Al-Shara como presidente ha tenido un impacto positivo en el L\u00edbano y manifest\u00f3 su optimismo de que Al-Shara logre los objetivos del pueblo sirio por los que hab\u00eda luchado durante a\u00f1os.<\/p>\n<p style=\"text-align: justify\">Hariri esper\u00f3 establecer relaciones amistosas entre el L\u00edbano y Siria que sirvan a los intereses de los dos pueblos y borren las huellas de la era anterior para siempre.<\/p>\n","protected":false},"excerpt":{"rendered":"<p>Damasco, 18 feb (SANA) El presidente de la Rep\u00fablica \u00c1rabe Siria, Ahmad Al-Shara, recibi\u00f3 un mensaje de felicitaci\u00f3n del ex primer ministro liban\u00e9s, Saad Hariri. Hariri dijo que el nombramiento de Al-Shara como presidente ha tenido un impacto positivo en el L\u00edbano y manifest\u00f3 su optimismo de que Al-Shara logre los objetivos del pueblo sirio &hellip;<\/p>\n","protected":false},"author":24,"featured_media":347349,"comment_status":"closed","ping_status":"closed","sticky":false,"template":"","format":"standard","meta":{"footnotes":""},"categories":[477,597,20724,467,583],"tags":[],"class_list":["post-347338","post","type-post","status-publish","format-standard","has-post-thumbnail","","category-noticias-edulcorantes","category-cinta-de-noticias","category-minuto-a-minuto","category-siria-y-el-mundo","category-slide"],"_links":{"self":[{"href":"https:\/\/archive.sana.sy\/es\/index.php?rest_route=\/wp\/v2\/posts\/347338"}],"collection":[{"href":"https:\/\/archive.sana.sy\/es\/index.php?rest_route=\/wp\/v2\/posts"}],"about":[{"href":"https:\/\/archive.sana.sy\/es\/index.php?rest_route=\/wp\/v2\/types\/post"}],"author":[{"embeddable":true,"href":"https:\/\/archive.sana.sy\/es\/index.php?rest_route=\/wp\/v2\/users\/24"}],"replies":[{"embeddable":true,"href":"https:\/\/archive.sana.sy\/es\/index.php?rest_route=%2Fwp%2Fv2%2Fcomments&post=347338"}],"version-history":[{"count":1,"href":"https:\/\/archive.sana.sy\/es\/index.php?rest_route=\/wp\/v2\/posts\/347338\/revisions"}],"predecessor-version":[{"id":347340,"href":"https:\/\/archive.sana.sy\/es\/index.php?rest_route=\/wp\/v2\/posts\/347338\/revisions\/347340"}],"wp:featuredmedia":[{"embeddable":true,"href":"https:\/\/archive.sana.sy\/es\/index.php?rest_route=\/wp\/v2\/media\/347349"}],"wp:attachment":[{"href":"https:\/\/archive.sana.sy\/es\/index.php?rest_route=%2Fwp%2Fv2%2Fmedia&parent=347338"}],"wp:term":[{"taxonomy":"category","embeddable":true,"href":"https:\/\/archive.sana.sy\/es\/index.php?rest_route=%2Fwp%2Fv2%2Fcategories&post=347338"},{"taxonomy":"post_tag","embeddable":true,"href":"https:\/\/archive.sana.sy\/es\/index.php?rest_route=%2Fwp%2Fv2%2Ftags&post=347338"}],"curies":[{"name":"wp","href":"https:\/\/api.w.org\/{rel}","templated":true}]}}