{"id":347341,"date":"2025-02-18T17:40:19","date_gmt":"2025-02-18T14:40:19","guid":{"rendered":"https:\/\/sana.sy\/es\/?p=347341"},"modified":"2025-02-18T17:40:36","modified_gmt":"2025-02-18T14:40:36","slug":"ministro-de-economia-recibe-a-una-delegacion-de-la-comunidad-siria-en-francia","status":"publish","type":"post","link":"https:\/\/archive.sana.sy\/es\/?p=347341","title":{"rendered":"Ministro de Econom\u00eda recibe a una delegaci\u00f3n de la comunidad siria en Francia"},"content":{"rendered":"<p style=\"text-align: justify\"><span style=\"color: #800000\"><strong>Damasco, 18 feb (SANA)<\/strong> <\/span>El ministro de Econom\u00eda, Basel Abdul Hanan, se reuni\u00f3 este martes con una delegaci\u00f3n de la comunidad siria en Francia.<\/p>\n<p style=\"text-align: justify\">El Ministerio de Econom\u00eda inform\u00f3 a trav\u00e9s de su cuenta Telegram que en la reuni\u00f3n fueron abordados diversos temas, entre los cuales los desaf\u00edos econ\u00f3micos a los se enfrenta la regi\u00f3n.<\/p>\n<div id='gallery-1' class='gallery galleryid-347341 gallery-columns-1 gallery-size-full'><figure class='gallery-item'>\n\t\t\t<div class='gallery-icon landscape'>\n\t\t\t\t<a href='https:\/\/archive.sana.sy\/es\/?attachment_id=347343'><img loading=\"lazy\" decoding=\"async\" width=\"660\" height=\"371\" src=\"https:\/\/archive.sana.sy\/es\/wp-content\/uploads\/2025\/02\/Ministro-de-Economia-recibe-a-una-delegacion-de-la-comunidad-siria-en-Francia-2.jpg\" class=\"attachment-full size-full\" alt=\"\" srcset=\"https:\/\/archive.sana.sy\/es\/wp-content\/uploads\/2025\/02\/Ministro-de-Economia-recibe-a-una-delegacion-de-la-comunidad-siria-en-Francia-2.jpg 660w, https:\/\/archive.sana.sy\/es\/wp-content\/uploads\/2025\/02\/Ministro-de-Economia-recibe-a-una-delegacion-de-la-comunidad-siria-en-Francia-2-300x169.jpg 300w, https:\/\/archive.sana.sy\/es\/wp-content\/uploads\/2025\/02\/Ministro-de-Economia-recibe-a-una-delegacion-de-la-comunidad-siria-en-Francia-2-150x84.jpg 150w\" sizes=\"(max-width: 660px) 100vw, 660px\" \/><\/a>\n\t\t\t<\/div><\/figure><figure class='gallery-item'>\n\t\t\t<div class='gallery-icon landscape'>\n\t\t\t\t<a href='https:\/\/archive.sana.sy\/es\/?attachment_id=347342'><img loading=\"lazy\" decoding=\"async\" width=\"660\" height=\"371\" src=\"https:\/\/archive.sana.sy\/es\/wp-content\/uploads\/2025\/02\/Ministro-de-Economia-recibe-a-una-delegacion-de-la-comunidad-siria-en-Francia-3.jpg\" class=\"attachment-full size-full\" alt=\"\" srcset=\"https:\/\/archive.sana.sy\/es\/wp-content\/uploads\/2025\/02\/Ministro-de-Economia-recibe-a-una-delegacion-de-la-comunidad-siria-en-Francia-3.jpg 660w, https:\/\/archive.sana.sy\/es\/wp-content\/uploads\/2025\/02\/Ministro-de-Economia-recibe-a-una-delegacion-de-la-comunidad-siria-en-Francia-3-300x169.jpg 300w, https:\/\/archive.sana.sy\/es\/wp-content\/uploads\/2025\/02\/Ministro-de-Economia-recibe-a-una-delegacion-de-la-comunidad-siria-en-Francia-3-150x84.jpg 150w\" sizes=\"(max-width: 660px) 100vw, 660px\" \/><\/a>\n\t\t\t<\/div><\/figure>\n\t\t<\/div>\n\n","protected":false},"excerpt":{"rendered":"<p>Damasco, 18 feb (SANA) El ministro de Econom\u00eda, Basel Abdul Hanan, se reuni\u00f3 este martes con una delegaci\u00f3n de la comunidad siria en Francia. El Ministerio de Econom\u00eda inform\u00f3 a trav\u00e9s de su cuenta Telegram que en la reuni\u00f3n fueron abordados diversos temas, entre los cuales los desaf\u00edos econ\u00f3micos a los se enfrenta la regi\u00f3n.<\/p>\n","protected":false},"author":24,"featured_media":347345,"comment_status":"closed","ping_status":"closed","sticky":false,"template":"","format":"standard","meta":{"footnotes":""},"categories":[477,597,476,7541],"tags":[],"class_list":["post-347341","post","type-post","status-publish","format-standard","has-post-thumbnail","","category-noticias-edulcorantes","category-cinta-de-noticias","category-locales","category-ultimas-noticias"],"_links":{"self":[{"href":"https:\/\/archive.sana.sy\/es\/index.php?rest_route=\/wp\/v2\/posts\/347341"}],"collection":[{"href":"https:\/\/archive.sana.sy\/es\/index.php?rest_route=\/wp\/v2\/posts"}],"about":[{"href":"https:\/\/archive.sana.sy\/es\/index.php?rest_route=\/wp\/v2\/types\/post"}],"author":[{"embeddable":true,"href":"https:\/\/archive.sana.sy\/es\/index.php?rest_route=\/wp\/v2\/users\/24"}],"replies":[{"embeddable":true,"href":"https:\/\/archive.sana.sy\/es\/index.php?rest_route=%2Fwp%2Fv2%2Fcomments&post=347341"}],"version-history":[{"count":1,"href":"https:\/\/archive.sana.sy\/es\/index.php?rest_route=\/wp\/v2\/posts\/347341\/revisions"}],"predecessor-version":[{"id":347344,"href":"https:\/\/archive.sana.sy\/es\/index.php?rest_route=\/wp\/v2\/posts\/347341\/revisions\/347344"}],"wp:featuredmedia":[{"embeddable":true,"href":"https:\/\/archive.sana.sy\/es\/index.php?rest_route=\/wp\/v2\/media\/347345"}],"wp:attachment":[{"href":"https:\/\/archive.sana.sy\/es\/index.php?rest_route=%2Fwp%2Fv2%2Fmedia&parent=347341"}],"wp:term":[{"taxonomy":"category","embeddable":true,"href":"https:\/\/archive.sana.sy\/es\/index.php?rest_route=%2Fwp%2Fv2%2Fcategories&post=347341"},{"taxonomy":"post_tag","embeddable":true,"href":"https:\/\/archive.sana.sy\/es\/index.php?rest_route=%2Fwp%2Fv2%2Ftags&post=347341"}],"curies":[{"name":"wp","href":"https:\/\/api.w.org\/{rel}","templated":true}]}}