{"id":347346,"date":"2025-02-18T17:55:33","date_gmt":"2025-02-18T14:55:33","guid":{"rendered":"https:\/\/sana.sy\/es\/?p=347346"},"modified":"2025-02-18T17:55:33","modified_gmt":"2025-02-18T14:55:33","slug":"primer-ministro-de-afganistan-envio-un-mensaje-de-felicitacion-a-al-shara-por-asumir-la-presidencia-de-siria","status":"publish","type":"post","link":"https:\/\/archive.sana.sy\/es\/?p=347346","title":{"rendered":"Primer ministro de Afganist\u00e1n envi\u00f3 un mensaje de felicitaci\u00f3n a Al-Shara por asumir la presidencia de Siria"},"content":{"rendered":"<p style=\"text-align: justify\"><span style=\"color: #800000\"><strong>Damasco, 18 feb (SANA)<\/strong> <\/span>El primer ministro de Afganist\u00e1n, Mohammad Hassan Akhund, envi\u00f3 un mensaje de felicitaci\u00f3n al Presidente de la Rep\u00fablica \u00c1rabe Siria, Ahmed Al-Shara.<\/p>\n<p style=\"text-align: justify\">El Primer Ministro afgano felicit\u00f3 a Al-Shara por asumir el cargo de Presidente de la Rep\u00fablica, y le dese\u00f3 \u00e9xito y buena suerte en la superaci\u00f3n de los desaf\u00edos y el logro de los objetivos y aspiraciones del pueblo sirio.<\/p>\n<p style=\"text-align: justify\">Akhund tambi\u00e9n expres\u00f3 su esperanza de fortalecer y consolidar las relaciones fraternales entre Afganist\u00e1n y Siria para servir a los intereses de los dos pueblos.<\/p>\n<p style=\"text-align: justify\">Concluy\u00f3 su misiva orando para que el pueblo sirio logre m\u00e1s prosperidad y florecimiento.<\/p>\n<p style=\"text-align: justify\">\n","protected":false},"excerpt":{"rendered":"<p>Damasco, 18 feb (SANA) El primer ministro de Afganist\u00e1n, Mohammad Hassan Akhund, envi\u00f3 un mensaje de felicitaci\u00f3n al Presidente de la Rep\u00fablica \u00c1rabe Siria, Ahmed Al-Shara. El Primer Ministro afgano felicit\u00f3 a Al-Shara por asumir el cargo de Presidente de la Rep\u00fablica, y le dese\u00f3 \u00e9xito y buena suerte en la superaci\u00f3n de los desaf\u00edos &hellip;<\/p>\n","protected":false},"author":24,"featured_media":347347,"comment_status":"closed","ping_status":"closed","sticky":false,"template":"","format":"standard","meta":{"footnotes":""},"categories":[447,597,20724,467,583],"tags":[],"class_list":["post-347346","post","type-post","status-publish","format-standard","has-post-thumbnail","","category-local-politica","category-cinta-de-noticias","category-minuto-a-minuto","category-siria-y-el-mundo","category-slide"],"_links":{"self":[{"href":"https:\/\/archive.sana.sy\/es\/index.php?rest_route=\/wp\/v2\/posts\/347346"}],"collection":[{"href":"https:\/\/archive.sana.sy\/es\/index.php?rest_route=\/wp\/v2\/posts"}],"about":[{"href":"https:\/\/archive.sana.sy\/es\/index.php?rest_route=\/wp\/v2\/types\/post"}],"author":[{"embeddable":true,"href":"https:\/\/archive.sana.sy\/es\/index.php?rest_route=\/wp\/v2\/users\/24"}],"replies":[{"embeddable":true,"href":"https:\/\/archive.sana.sy\/es\/index.php?rest_route=%2Fwp%2Fv2%2Fcomments&post=347346"}],"version-history":[{"count":1,"href":"https:\/\/archive.sana.sy\/es\/index.php?rest_route=\/wp\/v2\/posts\/347346\/revisions"}],"predecessor-version":[{"id":347348,"href":"https:\/\/archive.sana.sy\/es\/index.php?rest_route=\/wp\/v2\/posts\/347346\/revisions\/347348"}],"wp:featuredmedia":[{"embeddable":true,"href":"https:\/\/archive.sana.sy\/es\/index.php?rest_route=\/wp\/v2\/media\/347347"}],"wp:attachment":[{"href":"https:\/\/archive.sana.sy\/es\/index.php?rest_route=%2Fwp%2Fv2%2Fmedia&parent=347346"}],"wp:term":[{"taxonomy":"category","embeddable":true,"href":"https:\/\/archive.sana.sy\/es\/index.php?rest_route=%2Fwp%2Fv2%2Fcategories&post=347346"},{"taxonomy":"post_tag","embeddable":true,"href":"https:\/\/archive.sana.sy\/es\/index.php?rest_route=%2Fwp%2Fv2%2Ftags&post=347346"}],"curies":[{"name":"wp","href":"https:\/\/api.w.org\/{rel}","templated":true}]}}