{"id":347363,"date":"2025-02-18T17:19:04","date_gmt":"2025-02-18T14:19:04","guid":{"rendered":"https:\/\/sana.sy\/es\/?p=347363"},"modified":"2025-02-18T19:20:13","modified_gmt":"2025-02-18T16:20:13","slug":"siria-y-qatar-abordan-vias-para-impulsar-cooperacion-en-materia-de-defensa-civil","status":"publish","type":"post","link":"https:\/\/archive.sana.sy\/es\/?p=347363","title":{"rendered":"Siria y Qatar abordan v\u00edas para impulsar cooperaci\u00f3n en materia de defensa civil"},"content":{"rendered":"<p><span style=\"color: #800000\"><strong>Damasco, 18 feb (SANA)<\/strong><\/span> En una videoconferencia celebrada este martes, la Entidad de Defensa Civil Siria se reuni\u00f3 con el Grupo Internacional de B\u00fasqueda y Rescate de Qatar para abordar estrategias que fomenten la colaboraci\u00f3n entre ambas entidades.<\/p>\n<p>Seg\u00fan inform\u00f3 la Agencia de Noticias de Qatar (QNA), los participantes abordaron diversas formas de mejorar la cooperaci\u00f3n, intercambiar experiencias, as\u00ed como activar los acuerdos previamente firmados entre las dos partes.<\/p>\n","protected":false},"excerpt":{"rendered":"<p>Damasco, 18 feb (SANA) En una videoconferencia celebrada este martes, la Entidad de Defensa Civil Siria se reuni\u00f3 con el Grupo Internacional de B\u00fasqueda y Rescate de Qatar para abordar estrategias que fomenten la colaboraci\u00f3n entre ambas entidades. Seg\u00fan inform\u00f3 la Agencia de Noticias de Qatar (QNA), los participantes abordaron diversas formas de mejorar la &hellip;<\/p>\n","protected":false},"author":24,"featured_media":347364,"comment_status":"closed","ping_status":"closed","sticky":false,"template":"","format":"standard","meta":{"footnotes":""},"categories":[597,20724,467,7541],"tags":[],"class_list":["post-347363","post","type-post","status-publish","format-standard","has-post-thumbnail","","category-cinta-de-noticias","category-minuto-a-minuto","category-siria-y-el-mundo","category-ultimas-noticias"],"_links":{"self":[{"href":"https:\/\/archive.sana.sy\/es\/index.php?rest_route=\/wp\/v2\/posts\/347363"}],"collection":[{"href":"https:\/\/archive.sana.sy\/es\/index.php?rest_route=\/wp\/v2\/posts"}],"about":[{"href":"https:\/\/archive.sana.sy\/es\/index.php?rest_route=\/wp\/v2\/types\/post"}],"author":[{"embeddable":true,"href":"https:\/\/archive.sana.sy\/es\/index.php?rest_route=\/wp\/v2\/users\/24"}],"replies":[{"embeddable":true,"href":"https:\/\/archive.sana.sy\/es\/index.php?rest_route=%2Fwp%2Fv2%2Fcomments&post=347363"}],"version-history":[{"count":1,"href":"https:\/\/archive.sana.sy\/es\/index.php?rest_route=\/wp\/v2\/posts\/347363\/revisions"}],"predecessor-version":[{"id":347365,"href":"https:\/\/archive.sana.sy\/es\/index.php?rest_route=\/wp\/v2\/posts\/347363\/revisions\/347365"}],"wp:featuredmedia":[{"embeddable":true,"href":"https:\/\/archive.sana.sy\/es\/index.php?rest_route=\/wp\/v2\/media\/347364"}],"wp:attachment":[{"href":"https:\/\/archive.sana.sy\/es\/index.php?rest_route=%2Fwp%2Fv2%2Fmedia&parent=347363"}],"wp:term":[{"taxonomy":"category","embeddable":true,"href":"https:\/\/archive.sana.sy\/es\/index.php?rest_route=%2Fwp%2Fv2%2Fcategories&post=347363"},{"taxonomy":"post_tag","embeddable":true,"href":"https:\/\/archive.sana.sy\/es\/index.php?rest_route=%2Fwp%2Fv2%2Ftags&post=347363"}],"curies":[{"name":"wp","href":"https:\/\/api.w.org\/{rel}","templated":true}]}}