{"id":347368,"date":"2025-02-19T13:34:44","date_gmt":"2025-02-19T10:34:44","guid":{"rendered":"https:\/\/sana.sy\/es\/?p=347368"},"modified":"2025-02-19T13:34:52","modified_gmt":"2025-02-19T10:34:52","slug":"conversaciones-en-damasco-entre-los-ministerios-del-interior-de-siria-y-turquia","status":"publish","type":"post","link":"https:\/\/archive.sana.sy\/es\/?p=347368","title":{"rendered":"Conversaciones en Damasco entre los Ministerios del Interior de Siria y Turqu\u00eda"},"content":{"rendered":"<p style=\"text-align: justify;\"><span style=\"color: #800000;\"><strong>Damasco, 19 feb (SANA)<\/strong> <\/span>El ministro sirio del Interior, Ali Kedda, recibi\u00f3 hoy al viceministro del Interior de Turqu\u00eda, Munir Karaloglu, y a la delegaci\u00f3n que le acompa\u00f1a.<\/p>\n<p style=\"text-align: justify;\">Las dos partes conversaron sobre las v\u00edas de impulsar la coordinaci\u00f3n y cooperaci\u00f3n entre los dos pa\u00edses para garantizar la estabilidad y seguridad en la regi\u00f3n.<\/p>\n<div id='gallery-1' class='gallery galleryid-347368 gallery-columns-1 gallery-size-full'><figure class='gallery-item'>\n\t\t\t<div class='gallery-icon landscape'>\n\t\t\t\t<a href='https:\/\/archive.sana.sy\/es\/wp-content\/uploads\/2025\/02\/photo_2025-02-19_13-14-00.jpg'><img loading=\"lazy\" decoding=\"async\" width=\"660\" height=\"440\" src=\"https:\/\/archive.sana.sy\/es\/wp-content\/uploads\/2025\/02\/photo_2025-02-19_13-14-00.jpg\" class=\"attachment-full size-full\" alt=\"\" srcset=\"https:\/\/archive.sana.sy\/es\/wp-content\/uploads\/2025\/02\/photo_2025-02-19_13-14-00.jpg 660w, https:\/\/archive.sana.sy\/es\/wp-content\/uploads\/2025\/02\/photo_2025-02-19_13-14-00-300x200.jpg 300w, https:\/\/archive.sana.sy\/es\/wp-content\/uploads\/2025\/02\/photo_2025-02-19_13-14-00-150x100.jpg 150w\" sizes=\"(max-width: 660px) 100vw, 660px\" \/><\/a>\n\t\t\t<\/div><\/figure><figure class='gallery-item'>\n\t\t\t<div class='gallery-icon landscape'>\n\t\t\t\t<a href='https:\/\/archive.sana.sy\/es\/wp-content\/uploads\/2025\/02\/photo_2025-02-19_13-14-01.jpg'><img loading=\"lazy\" decoding=\"async\" width=\"660\" height=\"440\" src=\"https:\/\/archive.sana.sy\/es\/wp-content\/uploads\/2025\/02\/photo_2025-02-19_13-14-01.jpg\" class=\"attachment-full size-full\" alt=\"\" srcset=\"https:\/\/archive.sana.sy\/es\/wp-content\/uploads\/2025\/02\/photo_2025-02-19_13-14-01.jpg 660w, https:\/\/archive.sana.sy\/es\/wp-content\/uploads\/2025\/02\/photo_2025-02-19_13-14-01-300x200.jpg 300w, https:\/\/archive.sana.sy\/es\/wp-content\/uploads\/2025\/02\/photo_2025-02-19_13-14-01-150x100.jpg 150w\" sizes=\"(max-width: 660px) 100vw, 660px\" \/><\/a>\n\t\t\t<\/div><\/figure><figure class='gallery-item'>\n\t\t\t<div class='gallery-icon landscape'>\n\t\t\t\t<a href='https:\/\/archive.sana.sy\/es\/wp-content\/uploads\/2025\/02\/photo_2025-02-19_13-14-01-3.jpg'><img loading=\"lazy\" decoding=\"async\" width=\"660\" height=\"440\" src=\"https:\/\/archive.sana.sy\/es\/wp-content\/uploads\/2025\/02\/photo_2025-02-19_13-14-01-3.jpg\" class=\"attachment-full size-full\" alt=\"\" srcset=\"https:\/\/archive.sana.sy\/es\/wp-content\/uploads\/2025\/02\/photo_2025-02-19_13-14-01-3.jpg 660w, https:\/\/archive.sana.sy\/es\/wp-content\/uploads\/2025\/02\/photo_2025-02-19_13-14-01-3-300x200.jpg 300w, https:\/\/archive.sana.sy\/es\/wp-content\/uploads\/2025\/02\/photo_2025-02-19_13-14-01-3-150x100.jpg 150w\" sizes=\"(max-width: 660px) 100vw, 660px\" \/><\/a>\n\t\t\t<\/div><\/figure>\n\t\t<\/div>\n\n<p style=\"text-align: justify;\">\n","protected":false},"excerpt":{"rendered":"<p>Damasco, 19 feb (SANA) El ministro sirio del Interior, Ali Kedda, recibi\u00f3 hoy al viceministro del Interior de Turqu\u00eda, Munir Karaloglu, y a la delegaci\u00f3n que le acompa\u00f1a. Las dos partes conversaron sobre las v\u00edas de impulsar la coordinaci\u00f3n y cooperaci\u00f3n entre los dos pa\u00edses para garantizar la estabilidad y seguridad en la regi\u00f3n.<\/p>\n","protected":false},"author":42,"featured_media":347372,"comment_status":"closed","ping_status":"closed","sticky":false,"template":"","format":"standard","meta":{"footnotes":""},"categories":[597,20724,467,7541],"tags":[],"class_list":["post-347368","post","type-post","status-publish","format-standard","has-post-thumbnail","","category-cinta-de-noticias","category-minuto-a-minuto","category-siria-y-el-mundo","category-ultimas-noticias"],"_links":{"self":[{"href":"https:\/\/archive.sana.sy\/es\/index.php?rest_route=\/wp\/v2\/posts\/347368"}],"collection":[{"href":"https:\/\/archive.sana.sy\/es\/index.php?rest_route=\/wp\/v2\/posts"}],"about":[{"href":"https:\/\/archive.sana.sy\/es\/index.php?rest_route=\/wp\/v2\/types\/post"}],"author":[{"embeddable":true,"href":"https:\/\/archive.sana.sy\/es\/index.php?rest_route=\/wp\/v2\/users\/42"}],"replies":[{"embeddable":true,"href":"https:\/\/archive.sana.sy\/es\/index.php?rest_route=%2Fwp%2Fv2%2Fcomments&post=347368"}],"version-history":[{"count":1,"href":"https:\/\/archive.sana.sy\/es\/index.php?rest_route=\/wp\/v2\/posts\/347368\/revisions"}],"predecessor-version":[{"id":347373,"href":"https:\/\/archive.sana.sy\/es\/index.php?rest_route=\/wp\/v2\/posts\/347368\/revisions\/347373"}],"wp:featuredmedia":[{"embeddable":true,"href":"https:\/\/archive.sana.sy\/es\/index.php?rest_route=\/wp\/v2\/media\/347372"}],"wp:attachment":[{"href":"https:\/\/archive.sana.sy\/es\/index.php?rest_route=%2Fwp%2Fv2%2Fmedia&parent=347368"}],"wp:term":[{"taxonomy":"category","embeddable":true,"href":"https:\/\/archive.sana.sy\/es\/index.php?rest_route=%2Fwp%2Fv2%2Fcategories&post=347368"},{"taxonomy":"post_tag","embeddable":true,"href":"https:\/\/archive.sana.sy\/es\/index.php?rest_route=%2Fwp%2Fv2%2Ftags&post=347368"}],"curies":[{"name":"wp","href":"https:\/\/api.w.org\/{rel}","templated":true}]}}