{"id":347383,"date":"2025-02-19T14:14:07","date_gmt":"2025-02-19T11:14:07","guid":{"rendered":"https:\/\/sana.sy\/es\/?p=347383"},"modified":"2025-02-19T14:14:28","modified_gmt":"2025-02-19T11:14:28","slug":"alemania-reabrira-muy-pronto-su-embajada-en-damasco","status":"publish","type":"post","link":"https:\/\/archive.sana.sy\/es\/?p=347383","title":{"rendered":"Alemania reabrir\u00e1 muy pronto su embajada en Damasco"},"content":{"rendered":"<p style=\"text-align: justify;\"><span style=\"color: #800000;\"><strong>Damasco, 19 feb (SANA)<\/strong><\/span> El ministro de Econom\u00eda, Basil Abdul Hanan, examin\u00f3 con la encargada de negocios de la Embajada de Alemania en Damasco, Margaret Jacob, las v\u00edas de restablecer las relaciones entre los dos pa\u00edses, las perspectivas de cooperaci\u00f3n econ\u00f3mica y la reactivaci\u00f3n del intercambio comercial.<\/p>\n<p style=\"text-align: justify;\">El ministro Abdul Hannan destac\u00f3 el inter\u00e9s de Damasco en restablecer las relaciones con Alemania y beneficiarse de su experiencia, y pidi\u00f3 trabajar para levantar las sanciones al sistema bancario (transferencias financieras), ya que es el principal factor en el trabajo econ\u00f3mico y la atracci\u00f3n de inversiones al pa\u00eds.<\/p>\n<p style=\"text-align: justify;\">Dio la bienvenida al regreso de las empresas alemanas a invertir en Siria, especialmente en el campo de las energ\u00edas alternativas, y destac\u00f3 la importancia de beneficiarse de la experiencia alemana en los sistemas de inversi\u00f3n y gesti\u00f3n.<\/p>\n<p style=\"text-align: justify;\">Por su parte, la Encargada de Negocios de la Embajada revel\u00f3 que se est\u00e1n realizando preparativos para abrir pronto la Embajada de Alemania en Damasco, y que existe el deseo de desarrollar las relaciones entre ambos pa\u00edses en diversos campos, especialmente el econ\u00f3mico.<\/p>\n<p style=\"text-align: justify;\">Jacob indic\u00f3 que pronto habr\u00e1 una reuni\u00f3n de la Uni\u00f3n Europea, en la que se discutir\u00e1 la suavizaci\u00f3n de las sanciones a Siria, y destac\u00f3 el deseo de muchas empresas alemanas de trabajar en Siria.<\/p>\n<p style=\"text-align: justify;\">\n","protected":false},"excerpt":{"rendered":"<p>Damasco, 19 feb (SANA) El ministro de Econom\u00eda, Basil Abdul Hanan, examin\u00f3 con la encargada de negocios de la Embajada de Alemania en Damasco, Margaret Jacob, las v\u00edas de restablecer las relaciones entre los dos pa\u00edses, las perspectivas de cooperaci\u00f3n econ\u00f3mica y la reactivaci\u00f3n del intercambio comercial. El ministro Abdul Hannan destac\u00f3 el inter\u00e9s de &hellip;<\/p>\n","protected":false},"author":42,"featured_media":347384,"comment_status":"closed","ping_status":"closed","sticky":false,"template":"","format":"standard","meta":{"footnotes":""},"categories":[597,20724,467,7541],"tags":[],"class_list":["post-347383","post","type-post","status-publish","format-standard","has-post-thumbnail","","category-cinta-de-noticias","category-minuto-a-minuto","category-siria-y-el-mundo","category-ultimas-noticias"],"_links":{"self":[{"href":"https:\/\/archive.sana.sy\/es\/index.php?rest_route=\/wp\/v2\/posts\/347383"}],"collection":[{"href":"https:\/\/archive.sana.sy\/es\/index.php?rest_route=\/wp\/v2\/posts"}],"about":[{"href":"https:\/\/archive.sana.sy\/es\/index.php?rest_route=\/wp\/v2\/types\/post"}],"author":[{"embeddable":true,"href":"https:\/\/archive.sana.sy\/es\/index.php?rest_route=\/wp\/v2\/users\/42"}],"replies":[{"embeddable":true,"href":"https:\/\/archive.sana.sy\/es\/index.php?rest_route=%2Fwp%2Fv2%2Fcomments&post=347383"}],"version-history":[{"count":1,"href":"https:\/\/archive.sana.sy\/es\/index.php?rest_route=\/wp\/v2\/posts\/347383\/revisions"}],"predecessor-version":[{"id":347387,"href":"https:\/\/archive.sana.sy\/es\/index.php?rest_route=\/wp\/v2\/posts\/347383\/revisions\/347387"}],"wp:featuredmedia":[{"embeddable":true,"href":"https:\/\/archive.sana.sy\/es\/index.php?rest_route=\/wp\/v2\/media\/347384"}],"wp:attachment":[{"href":"https:\/\/archive.sana.sy\/es\/index.php?rest_route=%2Fwp%2Fv2%2Fmedia&parent=347383"}],"wp:term":[{"taxonomy":"category","embeddable":true,"href":"https:\/\/archive.sana.sy\/es\/index.php?rest_route=%2Fwp%2Fv2%2Fcategories&post=347383"},{"taxonomy":"post_tag","embeddable":true,"href":"https:\/\/archive.sana.sy\/es\/index.php?rest_route=%2Fwp%2Fv2%2Ftags&post=347383"}],"curies":[{"name":"wp","href":"https:\/\/api.w.org\/{rel}","templated":true}]}}