{"id":347388,"date":"2025-02-19T14:19:53","date_gmt":"2025-02-19T11:19:53","guid":{"rendered":"https:\/\/sana.sy\/es\/?p=347388"},"modified":"2025-02-19T14:19:59","modified_gmt":"2025-02-19T11:19:59","slug":"conversaciones-sirio-turcas-para-mejorar-cooperacion-en-sector-de-salud","status":"publish","type":"post","link":"https:\/\/archive.sana.sy\/es\/?p=347388","title":{"rendered":"Conversaciones sirio turcas para mejorar cooperaci\u00f3n en sector de salud"},"content":{"rendered":"<p style=\"text-align: justify;\"><span style=\"color: #800000;\"><strong>Damasco, 19 feb (SANA)<\/strong><\/span> El ministro de Salud, Maher Al-Shara, se reuni\u00f3 con el encargado de Negocios de la Embajada de Turqu\u00eda en Siria, Burhan Koroglu.<\/p>\n<p style=\"text-align: justify;\">Durante la reuni\u00f3n, las dos partes repasaron las formas de mejorar la cooperaci\u00f3n en materia de salud y la necesidad de rehabilitar y restaurar las instalaciones sanitarias y de proporcionar becas educativas turcas destinadas a m\u00e9dicos y trabajadores de la salud.<\/p>\n<p style=\"text-align: justify;\">Al-Shara elogi\u00f3 las s\u00f3lidas relaciones entre los dos pa\u00edses y el apoyo brindado por la parte turca.<\/p>\n<p style=\"text-align: justify;\">A su vez, Koroglu destac\u00f3 la necesidad de levantar las sanciones a Siria para mejorar el sector sanitario.<\/p>\n<p style=\"text-align: justify;\">\n","protected":false},"excerpt":{"rendered":"<p>Damasco, 19 feb (SANA) El ministro de Salud, Maher Al-Shara, se reuni\u00f3 con el encargado de Negocios de la Embajada de Turqu\u00eda en Siria, Burhan Koroglu. Durante la reuni\u00f3n, las dos partes repasaron las formas de mejorar la cooperaci\u00f3n en materia de salud y la necesidad de rehabilitar y restaurar las instalaciones sanitarias y de &hellip;<\/p>\n","protected":false},"author":42,"featured_media":347389,"comment_status":"closed","ping_status":"closed","sticky":false,"template":"","format":"standard","meta":{"footnotes":""},"categories":[597,20724,467,7541],"tags":[],"class_list":["post-347388","post","type-post","status-publish","format-standard","has-post-thumbnail","","category-cinta-de-noticias","category-minuto-a-minuto","category-siria-y-el-mundo","category-ultimas-noticias"],"_links":{"self":[{"href":"https:\/\/archive.sana.sy\/es\/index.php?rest_route=\/wp\/v2\/posts\/347388"}],"collection":[{"href":"https:\/\/archive.sana.sy\/es\/index.php?rest_route=\/wp\/v2\/posts"}],"about":[{"href":"https:\/\/archive.sana.sy\/es\/index.php?rest_route=\/wp\/v2\/types\/post"}],"author":[{"embeddable":true,"href":"https:\/\/archive.sana.sy\/es\/index.php?rest_route=\/wp\/v2\/users\/42"}],"replies":[{"embeddable":true,"href":"https:\/\/archive.sana.sy\/es\/index.php?rest_route=%2Fwp%2Fv2%2Fcomments&post=347388"}],"version-history":[{"count":1,"href":"https:\/\/archive.sana.sy\/es\/index.php?rest_route=\/wp\/v2\/posts\/347388\/revisions"}],"predecessor-version":[{"id":347390,"href":"https:\/\/archive.sana.sy\/es\/index.php?rest_route=\/wp\/v2\/posts\/347388\/revisions\/347390"}],"wp:featuredmedia":[{"embeddable":true,"href":"https:\/\/archive.sana.sy\/es\/index.php?rest_route=\/wp\/v2\/media\/347389"}],"wp:attachment":[{"href":"https:\/\/archive.sana.sy\/es\/index.php?rest_route=%2Fwp%2Fv2%2Fmedia&parent=347388"}],"wp:term":[{"taxonomy":"category","embeddable":true,"href":"https:\/\/archive.sana.sy\/es\/index.php?rest_route=%2Fwp%2Fv2%2Fcategories&post=347388"},{"taxonomy":"post_tag","embeddable":true,"href":"https:\/\/archive.sana.sy\/es\/index.php?rest_route=%2Fwp%2Fv2%2Ftags&post=347388"}],"curies":[{"name":"wp","href":"https:\/\/api.w.org\/{rel}","templated":true}]}}