{"id":347391,"date":"2025-02-19T17:02:59","date_gmt":"2025-02-19T14:02:59","guid":{"rendered":"https:\/\/sana.sy\/es\/?p=347391"},"modified":"2025-02-19T17:02:59","modified_gmt":"2025-02-19T14:02:59","slug":"medicos-sirios-en-alemania-expresan-disposicion-para-apoyar-el-sector-de-salud-con-equipos-avanzados","status":"publish","type":"post","link":"https:\/\/archive.sana.sy\/es\/?p=347391","title":{"rendered":"M\u00e9dicos sirios en Alemania expresan disposici\u00f3n para apoyar el sector de salud con equipos avanzados"},"content":{"rendered":"<p style=\"text-align: justify\"><span style=\"color: #800000\"><strong>Damasco, 19 feb (SANA)<\/strong> <\/span>El ministro de Salud interino, Dr. Maher Al-Shara, se reuni\u00f3 hoy con 15 m\u00e9dicos de la comunidad siria en Alemania.<\/p>\n<p style=\"text-align: justify\">El ministro Al-Shara destac\u00f3 la importancia de impulsar la cooperaci\u00f3n con las organizaciones y las comunidades sirios en el extranjero con el fin de apoyar los proyectos de salud en Siria y restaurar los da\u00f1os que sufrieron las instalaciones de este sector.<\/p>\n<p style=\"text-align: justify\">A su vez, los m\u00e9dicos sirios reiteraron su disposici\u00f3n para respaldar t\u00e9cnicamente al sector m\u00e9dico con equipos modernos y avanzados de Alemania, ayudar a establecer asociaciones entre los centros sanitarios sirios y alemanes, intercambiar experiencias y conocimientos, y ofrecer formaci\u00f3n a los cuadros sirios.<\/p>\n<p style=\"text-align: justify\">Al t\u00e9rmino del encuentro, afirmaron que pronto realizar\u00e1n visitas a hospitales y centros de salud para estar al tanto de sus necesidades.<\/p>\n","protected":false},"excerpt":{"rendered":"<p>Damasco, 19 feb (SANA) El ministro de Salud interino, Dr. Maher Al-Shara, se reuni\u00f3 hoy con 15 m\u00e9dicos de la comunidad siria en Alemania. El ministro Al-Shara destac\u00f3 la importancia de impulsar la cooperaci\u00f3n con las organizaciones y las comunidades sirios en el extranjero con el fin de apoyar los proyectos de salud en Siria &hellip;<\/p>\n","protected":false},"author":24,"featured_media":347392,"comment_status":"closed","ping_status":"closed","sticky":false,"template":"","format":"standard","meta":{"footnotes":""},"categories":[597,476,467,7541],"tags":[],"class_list":["post-347391","post","type-post","status-publish","format-standard","has-post-thumbnail","","category-cinta-de-noticias","category-locales","category-siria-y-el-mundo","category-ultimas-noticias"],"_links":{"self":[{"href":"https:\/\/archive.sana.sy\/es\/index.php?rest_route=\/wp\/v2\/posts\/347391"}],"collection":[{"href":"https:\/\/archive.sana.sy\/es\/index.php?rest_route=\/wp\/v2\/posts"}],"about":[{"href":"https:\/\/archive.sana.sy\/es\/index.php?rest_route=\/wp\/v2\/types\/post"}],"author":[{"embeddable":true,"href":"https:\/\/archive.sana.sy\/es\/index.php?rest_route=\/wp\/v2\/users\/24"}],"replies":[{"embeddable":true,"href":"https:\/\/archive.sana.sy\/es\/index.php?rest_route=%2Fwp%2Fv2%2Fcomments&post=347391"}],"version-history":[{"count":1,"href":"https:\/\/archive.sana.sy\/es\/index.php?rest_route=\/wp\/v2\/posts\/347391\/revisions"}],"predecessor-version":[{"id":347393,"href":"https:\/\/archive.sana.sy\/es\/index.php?rest_route=\/wp\/v2\/posts\/347391\/revisions\/347393"}],"wp:featuredmedia":[{"embeddable":true,"href":"https:\/\/archive.sana.sy\/es\/index.php?rest_route=\/wp\/v2\/media\/347392"}],"wp:attachment":[{"href":"https:\/\/archive.sana.sy\/es\/index.php?rest_route=%2Fwp%2Fv2%2Fmedia&parent=347391"}],"wp:term":[{"taxonomy":"category","embeddable":true,"href":"https:\/\/archive.sana.sy\/es\/index.php?rest_route=%2Fwp%2Fv2%2Fcategories&post=347391"},{"taxonomy":"post_tag","embeddable":true,"href":"https:\/\/archive.sana.sy\/es\/index.php?rest_route=%2Fwp%2Fv2%2Ftags&post=347391"}],"curies":[{"name":"wp","href":"https:\/\/api.w.org\/{rel}","templated":true}]}}