{"id":347394,"date":"2025-02-19T17:31:52","date_gmt":"2025-02-19T14:31:52","guid":{"rendered":"https:\/\/sana.sy\/es\/?p=347394"},"modified":"2025-02-19T18:20:24","modified_gmt":"2025-02-19T15:20:24","slug":"347394","status":"publish","type":"post","link":"https:\/\/archive.sana.sy\/es\/?p=347394","title":{"rendered":"Comit\u00e9 Preparatorio para la Conferencia de Di\u00e1logo Nacional Sirio celebra un conversatorio en Swaida"},"content":{"rendered":"<p style=\"text-align: justify\"><span style=\"color: #800000\"><strong>Swaida, 19 feb (SANA)<\/strong><\/span> El Comit\u00e9 Preparatorio para la Conferencia de Di\u00e1logo Nacional Sirio celebr\u00f3 hoy en la sede de la Gobernaci\u00f3n de la ciudad de Swaida, un conversatorio en el marco del proceso de di\u00e1logo nacional.<\/p>\n<p style=\"text-align: justify\">El encuentro cont\u00f3 con las participaci\u00f3n de alrededor de 100 figuras que representaron diversas actividades y segmentos de la sociedad de la provincia sure\u00f1a.<\/p>\n<p style=\"text-align: justify\">Los asistentes abordaron varios temas, entre los cuales la construcci\u00f3n constitucional, la reforma de las instituciones estatales, las libertades personales y p\u00fablicas, la vida pol\u00edtica, el papel de las organizaciones de la sociedad civil, y la nueva pol\u00edtica econ\u00f3mica.<\/p>\n<p style=\"text-align: justify\">Asimismo hicieron hincapi\u00e9 en la necesidad de construir un estado democr\u00e1tico civil basado en el pluralismo pol\u00edtico, de preparar una constituci\u00f3n moderna que proteja los derechos y libertades, de formar un Tribunal Constitucional Supremo, de crear un ej\u00e9rcito nacional, as\u00ed como promulgar una ley especial para los tribunales de justicia transicional.<\/p>\n<p style=\"text-align: justify\">Algunas intervenciones invitaron a fortalecer la libertad de prensa, invitar a los partidos nacionales a asistir a la conferencia, impedir el reciclaje de figuras corruptas de la \u00e9poca del ex r\u00e9gimen, fortalecer la paz civil y dar seguimiento al paradero de los detenidos y las personas desaparecidas. \u200f<\/p>\n<div id='gallery-1' class='gallery galleryid-347394 gallery-columns-1 gallery-size-full'><figure class='gallery-item'>\n\t\t\t<div class='gallery-icon landscape'>\n\t\t\t\t<a href='https:\/\/archive.sana.sy\/es\/wp-content\/uploads\/2025\/02\/Comite-Preparatorio-para-la-Conferencia-de-Dialogo-Nacional-Sirio-celebra-un-conversatorio-en-Swaida-1.jpg'><img loading=\"lazy\" decoding=\"async\" width=\"660\" height=\"414\" src=\"https:\/\/archive.sana.sy\/es\/wp-content\/uploads\/2025\/02\/Comite-Preparatorio-para-la-Conferencia-de-Dialogo-Nacional-Sirio-celebra-un-conversatorio-en-Swaida-1.jpg\" class=\"attachment-full size-full\" alt=\"\" srcset=\"https:\/\/archive.sana.sy\/es\/wp-content\/uploads\/2025\/02\/Comite-Preparatorio-para-la-Conferencia-de-Dialogo-Nacional-Sirio-celebra-un-conversatorio-en-Swaida-1.jpg 660w, https:\/\/archive.sana.sy\/es\/wp-content\/uploads\/2025\/02\/Comite-Preparatorio-para-la-Conferencia-de-Dialogo-Nacional-Sirio-celebra-un-conversatorio-en-Swaida-1-300x188.jpg 300w, https:\/\/archive.sana.sy\/es\/wp-content\/uploads\/2025\/02\/Comite-Preparatorio-para-la-Conferencia-de-Dialogo-Nacional-Sirio-celebra-un-conversatorio-en-Swaida-1-150x94.jpg 150w\" sizes=\"(max-width: 660px) 100vw, 660px\" \/><\/a>\n\t\t\t<\/div><\/figure><figure class='gallery-item'>\n\t\t\t<div class='gallery-icon landscape'>\n\t\t\t\t<a href='https:\/\/archive.sana.sy\/es\/wp-content\/uploads\/2025\/02\/Comite-Preparatorio-para-la-Conferencia-de-Dialogo-Nacional-Sirio-celebra-un-conversatorio-en-Swaida-2.jpg'><img loading=\"lazy\" decoding=\"async\" width=\"660\" height=\"426\" src=\"https:\/\/archive.sana.sy\/es\/wp-content\/uploads\/2025\/02\/Comite-Preparatorio-para-la-Conferencia-de-Dialogo-Nacional-Sirio-celebra-un-conversatorio-en-Swaida-2.jpg\" class=\"attachment-full size-full\" alt=\"\" srcset=\"https:\/\/archive.sana.sy\/es\/wp-content\/uploads\/2025\/02\/Comite-Preparatorio-para-la-Conferencia-de-Dialogo-Nacional-Sirio-celebra-un-conversatorio-en-Swaida-2.jpg 660w, https:\/\/archive.sana.sy\/es\/wp-content\/uploads\/2025\/02\/Comite-Preparatorio-para-la-Conferencia-de-Dialogo-Nacional-Sirio-celebra-un-conversatorio-en-Swaida-2-300x194.jpg 300w, https:\/\/archive.sana.sy\/es\/wp-content\/uploads\/2025\/02\/Comite-Preparatorio-para-la-Conferencia-de-Dialogo-Nacional-Sirio-celebra-un-conversatorio-en-Swaida-2-150x97.jpg 150w\" sizes=\"(max-width: 660px) 100vw, 660px\" \/><\/a>\n\t\t\t<\/div><\/figure>\n\t\t<\/div>\n\n","protected":false},"excerpt":{"rendered":"<p>Swaida, 19 feb (SANA) El Comit\u00e9 Preparatorio para la Conferencia de Di\u00e1logo Nacional Sirio celebr\u00f3 hoy en la sede de la Gobernaci\u00f3n de la ciudad de Swaida, un conversatorio en el marco del proceso de di\u00e1logo nacional. El encuentro cont\u00f3 con las participaci\u00f3n de alrededor de 100 figuras que representaron diversas actividades y segmentos de &hellip;<\/p>\n","protected":false},"author":24,"featured_media":347395,"comment_status":"closed","ping_status":"closed","sticky":false,"template":"","format":"standard","meta":{"footnotes":""},"categories":[477,597,20724,476,583],"tags":[],"class_list":["post-347394","post","type-post","status-publish","format-standard","has-post-thumbnail","","category-noticias-edulcorantes","category-cinta-de-noticias","category-minuto-a-minuto","category-locales","category-slide"],"_links":{"self":[{"href":"https:\/\/archive.sana.sy\/es\/index.php?rest_route=\/wp\/v2\/posts\/347394"}],"collection":[{"href":"https:\/\/archive.sana.sy\/es\/index.php?rest_route=\/wp\/v2\/posts"}],"about":[{"href":"https:\/\/archive.sana.sy\/es\/index.php?rest_route=\/wp\/v2\/types\/post"}],"author":[{"embeddable":true,"href":"https:\/\/archive.sana.sy\/es\/index.php?rest_route=\/wp\/v2\/users\/24"}],"replies":[{"embeddable":true,"href":"https:\/\/archive.sana.sy\/es\/index.php?rest_route=%2Fwp%2Fv2%2Fcomments&post=347394"}],"version-history":[{"count":3,"href":"https:\/\/archive.sana.sy\/es\/index.php?rest_route=\/wp\/v2\/posts\/347394\/revisions"}],"predecessor-version":[{"id":347400,"href":"https:\/\/archive.sana.sy\/es\/index.php?rest_route=\/wp\/v2\/posts\/347394\/revisions\/347400"}],"wp:featuredmedia":[{"embeddable":true,"href":"https:\/\/archive.sana.sy\/es\/index.php?rest_route=\/wp\/v2\/media\/347395"}],"wp:attachment":[{"href":"https:\/\/archive.sana.sy\/es\/index.php?rest_route=%2Fwp%2Fv2%2Fmedia&parent=347394"}],"wp:term":[{"taxonomy":"category","embeddable":true,"href":"https:\/\/archive.sana.sy\/es\/index.php?rest_route=%2Fwp%2Fv2%2Fcategories&post=347394"},{"taxonomy":"post_tag","embeddable":true,"href":"https:\/\/archive.sana.sy\/es\/index.php?rest_route=%2Fwp%2Fv2%2Ftags&post=347394"}],"curies":[{"name":"wp","href":"https:\/\/api.w.org\/{rel}","templated":true}]}}