{"id":347401,"date":"2025-02-19T18:19:26","date_gmt":"2025-02-19T15:19:26","guid":{"rendered":"https:\/\/sana.sy\/es\/?p=347401"},"modified":"2025-02-19T18:24:12","modified_gmt":"2025-02-19T15:24:12","slug":"ministerio-de-educacion-examina-con-bibliotecas-sin-fronteras-vias-de-apoyar-sector-educativo","status":"publish","type":"post","link":"https:\/\/archive.sana.sy\/es\/?p=347401","title":{"rendered":"Ministerio de Educaci\u00f3n examina con \u201cBibliotecas sin Fronteras\u201d v\u00edas de apoyar sector educativo"},"content":{"rendered":"<p style=\"text-align: justify\"><span style=\"color: #800000\"><strong>Damasco, 19 feb (SANA)<\/strong><\/span> El director de Planificaci\u00f3n y Cooperaci\u00f3n Internacional del Ministerio de Educaci\u00f3n, Yousef Anan, examin\u00f3 con una delegaci\u00f3n de la organizaci\u00f3n francesa \u201cBibliotecas sin Fronteras\u201d la cooperaci\u00f3n en materia de la rehabilitaci\u00f3n de instalaciones educativas y escuelas fuera de servicio.<\/p>\n<p style=\"text-align: justify\">El establecimiento de una biblioteca electr\u00f3nica m\u00f3vil, sitios web y aplicaciones gratuitos fuera de l\u00ednea para los estudiantes, ha sido tambi\u00e9n uno de los temas planteados durante el encuentro.<\/p>\n<p style=\"text-align: justify\">Ambas partes abordaron una serie de mecanismos para capacitar a los docente y equipar las aulas con computadoras y material educativo modernos.<\/p>\n<p style=\"text-align: justify\">La ONG francesa manifest\u00f3 su disposici\u00f3n para apoyar al sector educativo sirio, y destac\u00f3 la necesidad de coordinar con los organismos internacionales que operan en Siria en este campo.<\/p>\n","protected":false},"excerpt":{"rendered":"<p>Damasco, 19 feb (SANA) El director de Planificaci\u00f3n y Cooperaci\u00f3n Internacional del Ministerio de Educaci\u00f3n, Yousef Anan, examin\u00f3 con una delegaci\u00f3n de la organizaci\u00f3n francesa \u201cBibliotecas sin Fronteras\u201d la cooperaci\u00f3n en materia de la rehabilitaci\u00f3n de instalaciones educativas y escuelas fuera de servicio. El establecimiento de una biblioteca electr\u00f3nica m\u00f3vil, sitios web y aplicaciones gratuitos &hellip;<\/p>\n","protected":false},"author":24,"featured_media":347402,"comment_status":"closed","ping_status":"closed","sticky":false,"template":"","format":"standard","meta":{"footnotes":""},"categories":[477,597,476,7541],"tags":[],"class_list":["post-347401","post","type-post","status-publish","format-standard","has-post-thumbnail","","category-noticias-edulcorantes","category-cinta-de-noticias","category-locales","category-ultimas-noticias"],"_links":{"self":[{"href":"https:\/\/archive.sana.sy\/es\/index.php?rest_route=\/wp\/v2\/posts\/347401"}],"collection":[{"href":"https:\/\/archive.sana.sy\/es\/index.php?rest_route=\/wp\/v2\/posts"}],"about":[{"href":"https:\/\/archive.sana.sy\/es\/index.php?rest_route=\/wp\/v2\/types\/post"}],"author":[{"embeddable":true,"href":"https:\/\/archive.sana.sy\/es\/index.php?rest_route=\/wp\/v2\/users\/24"}],"replies":[{"embeddable":true,"href":"https:\/\/archive.sana.sy\/es\/index.php?rest_route=%2Fwp%2Fv2%2Fcomments&post=347401"}],"version-history":[{"count":4,"href":"https:\/\/archive.sana.sy\/es\/index.php?rest_route=\/wp\/v2\/posts\/347401\/revisions"}],"predecessor-version":[{"id":347406,"href":"https:\/\/archive.sana.sy\/es\/index.php?rest_route=\/wp\/v2\/posts\/347401\/revisions\/347406"}],"wp:featuredmedia":[{"embeddable":true,"href":"https:\/\/archive.sana.sy\/es\/index.php?rest_route=\/wp\/v2\/media\/347402"}],"wp:attachment":[{"href":"https:\/\/archive.sana.sy\/es\/index.php?rest_route=%2Fwp%2Fv2%2Fmedia&parent=347401"}],"wp:term":[{"taxonomy":"category","embeddable":true,"href":"https:\/\/archive.sana.sy\/es\/index.php?rest_route=%2Fwp%2Fv2%2Fcategories&post=347401"},{"taxonomy":"post_tag","embeddable":true,"href":"https:\/\/archive.sana.sy\/es\/index.php?rest_route=%2Fwp%2Fv2%2Ftags&post=347401"}],"curies":[{"name":"wp","href":"https:\/\/api.w.org\/{rel}","templated":true}]}}