{"id":347407,"date":"2025-02-19T18:41:05","date_gmt":"2025-02-19T15:41:05","guid":{"rendered":"https:\/\/sana.sy\/es\/?p=347407"},"modified":"2025-02-19T18:48:27","modified_gmt":"2025-02-19T15:48:27","slug":"la-mezquita-de-los-omeyas-en-damasco-la-cuarta-mezquita-mas-grande-y-famosa-del-mundo-musulman-2","status":"publish","type":"post","link":"https:\/\/archive.sana.sy\/es\/?p=347407","title":{"rendered":"La Mezquita de los Omeyas en Damasco, la cuarta mezquita m\u00e1s grande y famosa del mundo musulm\u00e1n"},"content":{"rendered":"<blockquote>\n<p style=\"text-align: justify\"><span style=\"color: #993300\">La Mezquita de los Omeyas en Damasco es un destino imprescindible para todos aquellos interesados en la historia y la cultura isl\u00e1mica. Es un lugar que encarna el esp\u00edritu del Islam y refleja la grandeza de la antigua arquitectura isl\u00e1mica. Por lo tanto, visitar la Mezquita de los Omeyas es una experiencia cultural inolvidable.<\/span><\/p>\n<\/blockquote>\n<p style=\"text-align: justify\"><span style=\"color: #800000\"><strong>Damasco, 19 feb (SANA)<\/strong><\/span> La Mezquita de los Omeyas en Damasco es el monumento hist\u00f3rico y religioso m\u00e1s destacado de Siria, y es considerada la cuarta mezquita m\u00e1s grande y famosa del mundo musulm\u00e1n.<\/p>\n<p style=\"text-align: justify\">Su construcci\u00f3n fue ordenada por el califa omeya Al-Walid bin Abdul Malek en el a\u00f1o 714, cuando Damasco era la capital del califato omeya. Fue levantada en el mismo lugar donde se encuentran las ruinas del templo arameo del Dios Hudod del siglo X antes de Cristo, del templo griego J\u00fapiter y de la Iglesia Juan Bautista.<\/p>\n<p style=\"text-align: justify\">Dise\u00f1ada por el famoso arquitecto omeya Al-Hajjaj ibn Yusuf, la Mezquita se distingue por su \u00fanico dise\u00f1o arquitect\u00f3nico, compuesto por una sala de rezo donde cabe una enorme cantidad de fieles, y alberga el mihrab que se destaca por su hermosa decoraci\u00f3n de mosaicos y oro, y es considerado un lugar sagrado para la oraci\u00f3n y la contemplaci\u00f3n.<\/p>\n<p style=\"text-align: justify\">El gran patio de la Mezquita de los Omeyas es uno de los m\u00e1s grandes del mundo. Est\u00e1 rodeado de pasillos decorados con mosaicos y m\u00e1rmol, y cuenta con una serie de hermosas c\u00fapulas y asombrosos minaretes.<br \/>\nL\u00edderes hist\u00f3ricos, presidentes y destacadas figuras mundiales estuvieron en este lugar, considerado tambi\u00e9n s\u00edmbolo de la convivencia y armon\u00eda entre las diferentes religiones en Siria ya que alberga las tumbas de Juan Bautista, y de Saladino, el conquistador de Jerusalen.<\/p>\n<p style=\"text-align: justify\">Ah\u00ed, los visitantes pueden explorar los detalles de su magn\u00edfico dise\u00f1o y su historia, y tambi\u00e9n disfrutar de la tranquilidad y serenidad en los pasillos de la mezquita y contemplar la belleza de la arquitectura isl\u00e1mica.<\/p>\n<p style=\"text-align: justify\">La Mezquita de los Omeyas en Damasco es un destino imprescindible para todos aquellos interesados en la historia y la cultura isl\u00e1mica. Es un lugar que encarna el esp\u00edritu del Islam y refleja la grandeza de la antigua arquitectura isl\u00e1mica. Por lo tanto, visitar la Mezquita de los Omeyas es una experiencia cultural inolvidable.<\/p>\n<p>&nbsp;<\/p>\n<div id='gallery-1' class='gallery galleryid-347407 gallery-columns-1 gallery-size-full'><figure class='gallery-item'>\n\t\t\t<div class='gallery-icon landscape'>\n\t\t\t\t<a href='https:\/\/archive.sana.sy\/es\/wp-content\/uploads\/2025\/02\/La-Mezquita-de-los-Omeyas-en-Damasco-la-cuarta-mezquita-mas-grande-y-famosa-del-mundo-musulman-3.jpg'><img loading=\"lazy\" decoding=\"async\" width=\"1280\" height=\"768\" src=\"https:\/\/archive.sana.sy\/es\/wp-content\/uploads\/2025\/02\/La-Mezquita-de-los-Omeyas-en-Damasco-la-cuarta-mezquita-mas-grande-y-famosa-del-mundo-musulman-3.jpg\" class=\"attachment-full size-full\" alt=\"\" srcset=\"https:\/\/archive.sana.sy\/es\/wp-content\/uploads\/2025\/02\/La-Mezquita-de-los-Omeyas-en-Damasco-la-cuarta-mezquita-mas-grande-y-famosa-del-mundo-musulman-3.jpg 1280w, https:\/\/archive.sana.sy\/es\/wp-content\/uploads\/2025\/02\/La-Mezquita-de-los-Omeyas-en-Damasco-la-cuarta-mezquita-mas-grande-y-famosa-del-mundo-musulman-3-300x180.jpg 300w, https:\/\/archive.sana.sy\/es\/wp-content\/uploads\/2025\/02\/La-Mezquita-de-los-Omeyas-en-Damasco-la-cuarta-mezquita-mas-grande-y-famosa-del-mundo-musulman-3-1024x614.jpg 1024w, https:\/\/archive.sana.sy\/es\/wp-content\/uploads\/2025\/02\/La-Mezquita-de-los-Omeyas-en-Damasco-la-cuarta-mezquita-mas-grande-y-famosa-del-mundo-musulman-3-150x90.jpg 150w, https:\/\/archive.sana.sy\/es\/wp-content\/uploads\/2025\/02\/La-Mezquita-de-los-Omeyas-en-Damasco-la-cuarta-mezquita-mas-grande-y-famosa-del-mundo-musulman-3-768x461.jpg 768w\" sizes=\"(max-width: 1280px) 100vw, 1280px\" \/><\/a>\n\t\t\t<\/div><\/figure><figure class='gallery-item'>\n\t\t\t<div class='gallery-icon landscape'>\n\t\t\t\t<a href='https:\/\/archive.sana.sy\/es\/wp-content\/uploads\/2025\/02\/La-Mezquita-de-los-Omeyas-en-Damasco-la-cuarta-mezquita-mas-grande-y-famosa-del-mundo-musulman-2.jpg'><img loading=\"lazy\" decoding=\"async\" width=\"1280\" height=\"853\" src=\"https:\/\/archive.sana.sy\/es\/wp-content\/uploads\/2025\/02\/La-Mezquita-de-los-Omeyas-en-Damasco-la-cuarta-mezquita-mas-grande-y-famosa-del-mundo-musulman-2.jpg\" class=\"attachment-full size-full\" alt=\"\" srcset=\"https:\/\/archive.sana.sy\/es\/wp-content\/uploads\/2025\/02\/La-Mezquita-de-los-Omeyas-en-Damasco-la-cuarta-mezquita-mas-grande-y-famosa-del-mundo-musulman-2.jpg 1280w, https:\/\/archive.sana.sy\/es\/wp-content\/uploads\/2025\/02\/La-Mezquita-de-los-Omeyas-en-Damasco-la-cuarta-mezquita-mas-grande-y-famosa-del-mundo-musulman-2-300x200.jpg 300w, https:\/\/archive.sana.sy\/es\/wp-content\/uploads\/2025\/02\/La-Mezquita-de-los-Omeyas-en-Damasco-la-cuarta-mezquita-mas-grande-y-famosa-del-mundo-musulman-2-1024x682.jpg 1024w, https:\/\/archive.sana.sy\/es\/wp-content\/uploads\/2025\/02\/La-Mezquita-de-los-Omeyas-en-Damasco-la-cuarta-mezquita-mas-grande-y-famosa-del-mundo-musulman-2-150x100.jpg 150w, https:\/\/archive.sana.sy\/es\/wp-content\/uploads\/2025\/02\/La-Mezquita-de-los-Omeyas-en-Damasco-la-cuarta-mezquita-mas-grande-y-famosa-del-mundo-musulman-2-768x512.jpg 768w\" sizes=\"(max-width: 1280px) 100vw, 1280px\" \/><\/a>\n\t\t\t<\/div><\/figure><figure class='gallery-item'>\n\t\t\t<div class='gallery-icon landscape'>\n\t\t\t\t<a href='https:\/\/archive.sana.sy\/es\/wp-content\/uploads\/2025\/02\/La-Mezquita-de-los-Omeyas-en-Damasco-la-cuarta-mezquita-mas-grande-y-famosa-del-mundo-musulman-4-1.jpg'><img loading=\"lazy\" decoding=\"async\" width=\"1280\" height=\"786\" src=\"https:\/\/archive.sana.sy\/es\/wp-content\/uploads\/2025\/02\/La-Mezquita-de-los-Omeyas-en-Damasco-la-cuarta-mezquita-mas-grande-y-famosa-del-mundo-musulman-4-1.jpg\" class=\"attachment-full size-full\" alt=\"\" srcset=\"https:\/\/archive.sana.sy\/es\/wp-content\/uploads\/2025\/02\/La-Mezquita-de-los-Omeyas-en-Damasco-la-cuarta-mezquita-mas-grande-y-famosa-del-mundo-musulman-4-1.jpg 1280w, https:\/\/archive.sana.sy\/es\/wp-content\/uploads\/2025\/02\/La-Mezquita-de-los-Omeyas-en-Damasco-la-cuarta-mezquita-mas-grande-y-famosa-del-mundo-musulman-4-1-300x184.jpg 300w, https:\/\/archive.sana.sy\/es\/wp-content\/uploads\/2025\/02\/La-Mezquita-de-los-Omeyas-en-Damasco-la-cuarta-mezquita-mas-grande-y-famosa-del-mundo-musulman-4-1-1024x629.jpg 1024w, https:\/\/archive.sana.sy\/es\/wp-content\/uploads\/2025\/02\/La-Mezquita-de-los-Omeyas-en-Damasco-la-cuarta-mezquita-mas-grande-y-famosa-del-mundo-musulman-4-1-150x92.jpg 150w, https:\/\/archive.sana.sy\/es\/wp-content\/uploads\/2025\/02\/La-Mezquita-de-los-Omeyas-en-Damasco-la-cuarta-mezquita-mas-grande-y-famosa-del-mundo-musulman-4-1-768x472.jpg 768w\" sizes=\"(max-width: 1280px) 100vw, 1280px\" \/><\/a>\n\t\t\t<\/div><\/figure><figure class='gallery-item'>\n\t\t\t<div class='gallery-icon landscape'>\n\t\t\t\t<a href='https:\/\/archive.sana.sy\/es\/wp-content\/uploads\/2025\/02\/La-Mezquita-de-los-Omeyas-en-Damasco-la-cuarta-mezquita-mas-grande-y-famosa-del-mundo-musulman-1.jpg'><img loading=\"lazy\" decoding=\"async\" width=\"1280\" height=\"853\" src=\"https:\/\/archive.sana.sy\/es\/wp-content\/uploads\/2025\/02\/La-Mezquita-de-los-Omeyas-en-Damasco-la-cuarta-mezquita-mas-grande-y-famosa-del-mundo-musulman-1.jpg\" class=\"attachment-full size-full\" alt=\"\" srcset=\"https:\/\/archive.sana.sy\/es\/wp-content\/uploads\/2025\/02\/La-Mezquita-de-los-Omeyas-en-Damasco-la-cuarta-mezquita-mas-grande-y-famosa-del-mundo-musulman-1.jpg 1280w, https:\/\/archive.sana.sy\/es\/wp-content\/uploads\/2025\/02\/La-Mezquita-de-los-Omeyas-en-Damasco-la-cuarta-mezquita-mas-grande-y-famosa-del-mundo-musulman-1-300x200.jpg 300w, https:\/\/archive.sana.sy\/es\/wp-content\/uploads\/2025\/02\/La-Mezquita-de-los-Omeyas-en-Damasco-la-cuarta-mezquita-mas-grande-y-famosa-del-mundo-musulman-1-1024x682.jpg 1024w, https:\/\/archive.sana.sy\/es\/wp-content\/uploads\/2025\/02\/La-Mezquita-de-los-Omeyas-en-Damasco-la-cuarta-mezquita-mas-grande-y-famosa-del-mundo-musulman-1-150x100.jpg 150w, https:\/\/archive.sana.sy\/es\/wp-content\/uploads\/2025\/02\/La-Mezquita-de-los-Omeyas-en-Damasco-la-cuarta-mezquita-mas-grande-y-famosa-del-mundo-musulman-1-768x512.jpg 768w\" sizes=\"(max-width: 1280px) 100vw, 1280px\" \/><\/a>\n\t\t\t<\/div><\/figure><figure class='gallery-item'>\n\t\t\t<div class='gallery-icon landscape'>\n\t\t\t\t<a href='https:\/\/archive.sana.sy\/es\/wp-content\/uploads\/2024\/07\/Mezquita-Omeyas.jpg'><img loading=\"lazy\" decoding=\"async\" width=\"1280\" height=\"1054\" src=\"https:\/\/archive.sana.sy\/es\/wp-content\/uploads\/2024\/07\/Mezquita-Omeyas.jpg\" class=\"attachment-full size-full\" alt=\"\" srcset=\"https:\/\/archive.sana.sy\/es\/wp-content\/uploads\/2024\/07\/Mezquita-Omeyas.jpg 1280w, https:\/\/archive.sana.sy\/es\/wp-content\/uploads\/2024\/07\/Mezquita-Omeyas-300x247.jpg 300w, https:\/\/archive.sana.sy\/es\/wp-content\/uploads\/2024\/07\/Mezquita-Omeyas-1024x843.jpg 1024w, https:\/\/archive.sana.sy\/es\/wp-content\/uploads\/2024\/07\/Mezquita-Omeyas-150x124.jpg 150w, https:\/\/archive.sana.sy\/es\/wp-content\/uploads\/2024\/07\/Mezquita-Omeyas-768x632.jpg 768w\" sizes=\"(max-width: 1280px) 100vw, 1280px\" \/><\/a>\n\t\t\t<\/div><\/figure><figure class='gallery-item'>\n\t\t\t<div class='gallery-icon landscape'>\n\t\t\t\t<a href='https:\/\/archive.sana.sy\/es\/wp-content\/uploads\/2023\/08\/La-Mezquita-de-los-Omeya-s-en-Damasco-la-cuarta-mezquita-mas-grande-y-famosa-del-mundo-musulman.jpg'><img loading=\"lazy\" decoding=\"async\" width=\"600\" height=\"285\" src=\"https:\/\/archive.sana.sy\/es\/wp-content\/uploads\/2023\/08\/La-Mezquita-de-los-Omeya-s-en-Damasco-la-cuarta-mezquita-mas-grande-y-famosa-del-mundo-musulman.jpg\" class=\"attachment-full size-full\" alt=\"\" srcset=\"https:\/\/archive.sana.sy\/es\/wp-content\/uploads\/2023\/08\/La-Mezquita-de-los-Omeya-s-en-Damasco-la-cuarta-mezquita-mas-grande-y-famosa-del-mundo-musulman.jpg 600w, https:\/\/archive.sana.sy\/es\/wp-content\/uploads\/2023\/08\/La-Mezquita-de-los-Omeya-s-en-Damasco-la-cuarta-mezquita-mas-grande-y-famosa-del-mundo-musulman-300x143.jpg 300w, https:\/\/archive.sana.sy\/es\/wp-content\/uploads\/2023\/08\/La-Mezquita-de-los-Omeya-s-en-Damasco-la-cuarta-mezquita-mas-grande-y-famosa-del-mundo-musulman-150x71.jpg 150w\" sizes=\"(max-width: 600px) 100vw, 600px\" \/><\/a>\n\t\t\t<\/div><\/figure>\n\t\t<\/div>\n\n","protected":false},"excerpt":{"rendered":"<p>La Mezquita de los Omeyas en Damasco es un destino imprescindible para todos aquellos interesados en la historia y la cultura isl\u00e1mica. Es un lugar que encarna el esp\u00edritu del Islam y refleja la grandeza de la antigua arquitectura isl\u00e1mica. Por lo tanto, visitar la Mezquita de los Omeyas es una experiencia cultural inolvidable. Damasco, &hellip;<\/p>\n","protected":false},"author":24,"featured_media":347408,"comment_status":"closed","ping_status":"closed","sticky":false,"template":"","format":"standard","meta":{"footnotes":""},"categories":[477,510,20724,583],"tags":[],"class_list":["post-347407","post","type-post","status-publish","format-standard","has-post-thumbnail","","category-noticias-edulcorantes","category-arte-y-cultura","category-minuto-a-minuto","category-slide"],"_links":{"self":[{"href":"https:\/\/archive.sana.sy\/es\/index.php?rest_route=\/wp\/v2\/posts\/347407"}],"collection":[{"href":"https:\/\/archive.sana.sy\/es\/index.php?rest_route=\/wp\/v2\/posts"}],"about":[{"href":"https:\/\/archive.sana.sy\/es\/index.php?rest_route=\/wp\/v2\/types\/post"}],"author":[{"embeddable":true,"href":"https:\/\/archive.sana.sy\/es\/index.php?rest_route=\/wp\/v2\/users\/24"}],"replies":[{"embeddable":true,"href":"https:\/\/archive.sana.sy\/es\/index.php?rest_route=%2Fwp%2Fv2%2Fcomments&post=347407"}],"version-history":[{"count":4,"href":"https:\/\/archive.sana.sy\/es\/index.php?rest_route=\/wp\/v2\/posts\/347407\/revisions"}],"predecessor-version":[{"id":347416,"href":"https:\/\/archive.sana.sy\/es\/index.php?rest_route=\/wp\/v2\/posts\/347407\/revisions\/347416"}],"wp:featuredmedia":[{"embeddable":true,"href":"https:\/\/archive.sana.sy\/es\/index.php?rest_route=\/wp\/v2\/media\/347408"}],"wp:attachment":[{"href":"https:\/\/archive.sana.sy\/es\/index.php?rest_route=%2Fwp%2Fv2%2Fmedia&parent=347407"}],"wp:term":[{"taxonomy":"category","embeddable":true,"href":"https:\/\/archive.sana.sy\/es\/index.php?rest_route=%2Fwp%2Fv2%2Fcategories&post=347407"},{"taxonomy":"post_tag","embeddable":true,"href":"https:\/\/archive.sana.sy\/es\/index.php?rest_route=%2Fwp%2Fv2%2Ftags&post=347407"}],"curies":[{"name":"wp","href":"https:\/\/api.w.org\/{rel}","templated":true}]}}