{"id":347418,"date":"2025-02-20T09:55:35","date_gmt":"2025-02-20T06:55:35","guid":{"rendered":"https:\/\/sana.sy\/es\/?p=347418"},"modified":"2025-02-20T09:56:28","modified_gmt":"2025-02-20T06:56:28","slug":"la-emblematica-torre-del-reloj-de-bab-al-faraj-en-alepo-fotos","status":"publish","type":"post","link":"https:\/\/archive.sana.sy\/es\/?p=347418","title":{"rendered":"La emblem\u00e1tica torre del reloj de Bab Al-Faraj en Alepo (+ fotos)"},"content":{"rendered":"<p><span style=\"color: #800000;\"><strong>Alepo, 20 feb (SANA)\u00a0<\/strong><\/span> \u00a0La torre del reloj de Bab Al-Faraj es uno de los principales lugares de inter\u00e9s en la ciudad de Alepo.<\/p>\n<p>La torre fue construida en 1898-1899 por el arquitecto austriaco Charles Chartier, y est\u00e1 situado en el casco antiguo de la ciudad de Alepo.<\/p>\n<p>El dise\u00f1o de la torre se asemeja a los antiguos minaretes de la arquitectura isl\u00e1mica con cuatro fachadas similares y coronadas con muqarnas orientales tradicionales.<\/p>\n<p>La torre tiene un edificio muy similar ubicado en en Brighton, Reino Unido.<\/p>\n<p>La m\u00e1quina del reloj es de fabricaci\u00f3n inglesa y tiene campanas y tonos \u00fanicos.<\/p>\n<p><span style=\"color: #800000;\"><strong>fm\/ws<\/strong><\/span><\/p>\n<div id='gallery-1' class='gallery galleryid-347418 gallery-columns-1 gallery-size-full'><figure class='gallery-item'>\n\t\t\t<div class='gallery-icon landscape'>\n\t\t\t\t<a href='https:\/\/archive.sana.sy\/es\/wp-content\/uploads\/2025\/02\/photo_2025-02-20_07-56-20-5.jpg'><img loading=\"lazy\" decoding=\"async\" width=\"1280\" height=\"831\" src=\"https:\/\/archive.sana.sy\/es\/wp-content\/uploads\/2025\/02\/photo_2025-02-20_07-56-20-5.jpg\" class=\"attachment-full size-full\" alt=\"\" srcset=\"https:\/\/archive.sana.sy\/es\/wp-content\/uploads\/2025\/02\/photo_2025-02-20_07-56-20-5.jpg 1280w, https:\/\/archive.sana.sy\/es\/wp-content\/uploads\/2025\/02\/photo_2025-02-20_07-56-20-5-300x195.jpg 300w, https:\/\/archive.sana.sy\/es\/wp-content\/uploads\/2025\/02\/photo_2025-02-20_07-56-20-5-1024x665.jpg 1024w, https:\/\/archive.sana.sy\/es\/wp-content\/uploads\/2025\/02\/photo_2025-02-20_07-56-20-5-150x97.jpg 150w, https:\/\/archive.sana.sy\/es\/wp-content\/uploads\/2025\/02\/photo_2025-02-20_07-56-20-5-768x499.jpg 768w\" sizes=\"(max-width: 1280px) 100vw, 1280px\" \/><\/a>\n\t\t\t<\/div><\/figure><figure class='gallery-item'>\n\t\t\t<div class='gallery-icon landscape'>\n\t\t\t\t<a href='https:\/\/archive.sana.sy\/es\/wp-content\/uploads\/2025\/02\/photo_2025-02-20_07-56-20-3.jpg'><img loading=\"lazy\" decoding=\"async\" width=\"1280\" height=\"847\" src=\"https:\/\/archive.sana.sy\/es\/wp-content\/uploads\/2025\/02\/photo_2025-02-20_07-56-20-3.jpg\" class=\"attachment-full size-full\" alt=\"\" srcset=\"https:\/\/archive.sana.sy\/es\/wp-content\/uploads\/2025\/02\/photo_2025-02-20_07-56-20-3.jpg 1280w, https:\/\/archive.sana.sy\/es\/wp-content\/uploads\/2025\/02\/photo_2025-02-20_07-56-20-3-300x199.jpg 300w, https:\/\/archive.sana.sy\/es\/wp-content\/uploads\/2025\/02\/photo_2025-02-20_07-56-20-3-1024x678.jpg 1024w, https:\/\/archive.sana.sy\/es\/wp-content\/uploads\/2025\/02\/photo_2025-02-20_07-56-20-3-150x99.jpg 150w, https:\/\/archive.sana.sy\/es\/wp-content\/uploads\/2025\/02\/photo_2025-02-20_07-56-20-3-768x508.jpg 768w, https:\/\/archive.sana.sy\/es\/wp-content\/uploads\/2025\/02\/photo_2025-02-20_07-56-20-3-310x205.jpg 310w\" sizes=\"(max-width: 1280px) 100vw, 1280px\" \/><\/a>\n\t\t\t<\/div><\/figure><figure class='gallery-item'>\n\t\t\t<div class='gallery-icon landscape'>\n\t\t\t\t<a href='https:\/\/archive.sana.sy\/es\/wp-content\/uploads\/2025\/02\/photo_2025-02-20_07-56-20-2.jpg'><img loading=\"lazy\" decoding=\"async\" width=\"1280\" height=\"857\" src=\"https:\/\/archive.sana.sy\/es\/wp-content\/uploads\/2025\/02\/photo_2025-02-20_07-56-20-2.jpg\" class=\"attachment-full size-full\" alt=\"\" srcset=\"https:\/\/archive.sana.sy\/es\/wp-content\/uploads\/2025\/02\/photo_2025-02-20_07-56-20-2.jpg 1280w, https:\/\/archive.sana.sy\/es\/wp-content\/uploads\/2025\/02\/photo_2025-02-20_07-56-20-2-300x201.jpg 300w, https:\/\/archive.sana.sy\/es\/wp-content\/uploads\/2025\/02\/photo_2025-02-20_07-56-20-2-1024x686.jpg 1024w, https:\/\/archive.sana.sy\/es\/wp-content\/uploads\/2025\/02\/photo_2025-02-20_07-56-20-2-150x100.jpg 150w, https:\/\/archive.sana.sy\/es\/wp-content\/uploads\/2025\/02\/photo_2025-02-20_07-56-20-2-768x514.jpg 768w, https:\/\/archive.sana.sy\/es\/wp-content\/uploads\/2025\/02\/photo_2025-02-20_07-56-20-2-110x75.jpg 110w\" sizes=\"(max-width: 1280px) 100vw, 1280px\" \/><\/a>\n\t\t\t<\/div><\/figure>\n\t\t<\/div>\n\n","protected":false},"excerpt":{"rendered":"<p>Alepo, 20 feb (SANA)\u00a0 \u00a0La torre del reloj de Bab Al-Faraj es uno de los principales lugares de inter\u00e9s en la ciudad de Alepo. La torre fue construida en 1898-1899 por el arquitecto austriaco Charles Chartier, y est\u00e1 situado en el casco antiguo de la ciudad de Alepo. El dise\u00f1o de la torre se asemeja &hellip;<\/p>\n","protected":false},"author":35,"featured_media":347419,"comment_status":"closed","ping_status":"closed","sticky":false,"template":"","format":"standard","meta":{"footnotes":""},"categories":[1],"tags":[],"class_list":["post-347418","post","type-post","status-publish","format-standard","has-post-thumbnail","","category-news-not-sorted"],"_links":{"self":[{"href":"https:\/\/archive.sana.sy\/es\/index.php?rest_route=\/wp\/v2\/posts\/347418"}],"collection":[{"href":"https:\/\/archive.sana.sy\/es\/index.php?rest_route=\/wp\/v2\/posts"}],"about":[{"href":"https:\/\/archive.sana.sy\/es\/index.php?rest_route=\/wp\/v2\/types\/post"}],"author":[{"embeddable":true,"href":"https:\/\/archive.sana.sy\/es\/index.php?rest_route=\/wp\/v2\/users\/35"}],"replies":[{"embeddable":true,"href":"https:\/\/archive.sana.sy\/es\/index.php?rest_route=%2Fwp%2Fv2%2Fcomments&post=347418"}],"version-history":[{"count":1,"href":"https:\/\/archive.sana.sy\/es\/index.php?rest_route=\/wp\/v2\/posts\/347418\/revisions"}],"predecessor-version":[{"id":347423,"href":"https:\/\/archive.sana.sy\/es\/index.php?rest_route=\/wp\/v2\/posts\/347418\/revisions\/347423"}],"wp:featuredmedia":[{"embeddable":true,"href":"https:\/\/archive.sana.sy\/es\/index.php?rest_route=\/wp\/v2\/media\/347419"}],"wp:attachment":[{"href":"https:\/\/archive.sana.sy\/es\/index.php?rest_route=%2Fwp%2Fv2%2Fmedia&parent=347418"}],"wp:term":[{"taxonomy":"category","embeddable":true,"href":"https:\/\/archive.sana.sy\/es\/index.php?rest_route=%2Fwp%2Fv2%2Fcategories&post=347418"},{"taxonomy":"post_tag","embeddable":true,"href":"https:\/\/archive.sana.sy\/es\/index.php?rest_route=%2Fwp%2Fv2%2Ftags&post=347418"}],"curies":[{"name":"wp","href":"https:\/\/api.w.org\/{rel}","templated":true}]}}