{"id":34743,"date":"2015-12-05T21:00:31","date_gmt":"2015-12-05T19:00:31","guid":{"rendered":"http:\/\/sana.sy\/es\/?p=34743"},"modified":"2015-12-05T21:00:31","modified_gmt":"2015-12-05T19:00:31","slug":"irak-pide-a-turquia-que-retire-sus-tropas-de-su-territorio","status":"publish","type":"post","link":"https:\/\/archive.sana.sy\/es\/?p=34743","title":{"rendered":"Irak pide a Turqu\u00eda que retire sus tropas de su territorio"},"content":{"rendered":"<p style=\"text-align: justify\"><span style=\"color: #800000\">Bagdad, SANA<\/span>&#8211; El presidente de Irak, Fuad Masum, ha definido el despliegue de varios centenares de soldados turcos cerca de la ciudad iraqu\u00ed de Mosul como &#8220;una violaci\u00f3n de las normas y el derecho internacional&#8221; y ha advertido que esto aumentar\u00e1 las tensiones en la regi\u00f3n, informa Reuters.<\/p>\n<p style=\"text-align: justify\">El presidente iraqu\u00ed, Fuad Masum, ha llamado a Turqu\u00eda a retirar las fuerzas y ha pedido al Ministerio de Exteriores de Irak tomar las medidas necesarias para preservar la soberan\u00eda y la independencia del pa\u00eds, informa al-sumaria news.<\/p>\n<p style=\"text-align: justify\">Tras confirmarse la informaci\u00f3n sobre el despliegue de las tropas, el primer ministro del pa\u00eds, Haider Al-Abadi, denunci\u00f3 que &#8220;la presencia no autorizada de las tropas turcas en la provincia de Mosul es una seria violaci\u00f3n de la soberan\u00eda de Irak&#8221;.<\/p>\n<p style=\"text-align: justify\">&#8220;Las autoridades iraqu\u00edes llaman a Turqu\u00eda a respetar las buenas relaciones de vecinos y retirarse inmediatamente del territorio iraqu\u00ed&#8221;, a\u00f1adi\u00f3 el primer ministro en su comunicado publicado el jueves.<\/p>\n<p style=\"text-align: justify\">El Ministerio de Exteriores iraqu\u00ed respondi\u00f3 a dicha medida calific\u00e1ndola de &#8220;incursi\u00f3n&#8221; y exigi\u00f3 su retirada.<\/p>\n<p>M.Miri<\/p>\n","protected":false},"excerpt":{"rendered":"<p>Bagdad, SANA&#8211; El presidente de Irak, Fuad Masum, ha definido el despliegue de varios centenares de soldados turcos cerca de la ciudad iraqu\u00ed de Mosul como &#8220;una violaci\u00f3n de las normas y el derecho internacional&#8221; y ha advertido que esto aumentar\u00e1 las tensiones en la regi\u00f3n, informa Reuters. El presidente iraqu\u00ed, Fuad Masum, ha llamado &hellip;<\/p>\n","protected":false},"author":1,"featured_media":34744,"comment_status":"closed","ping_status":"closed","sticky":false,"template":"","format":"standard","meta":{"footnotes":""},"categories":[456,457,7541],"tags":[7542],"class_list":["post-34743","post","type-post","status-publish","format-standard","has-post-thumbnail","","category-arabe-internacional-politica","category-noticias-arabe-internacional-politica","category-ultimas-noticias","tag-irak-pide-a-turquia-que-retire-sus-tropas-de-su-territorio"],"_links":{"self":[{"href":"https:\/\/archive.sana.sy\/es\/index.php?rest_route=\/wp\/v2\/posts\/34743"}],"collection":[{"href":"https:\/\/archive.sana.sy\/es\/index.php?rest_route=\/wp\/v2\/posts"}],"about":[{"href":"https:\/\/archive.sana.sy\/es\/index.php?rest_route=\/wp\/v2\/types\/post"}],"author":[{"embeddable":true,"href":"https:\/\/archive.sana.sy\/es\/index.php?rest_route=\/wp\/v2\/users\/1"}],"replies":[{"embeddable":true,"href":"https:\/\/archive.sana.sy\/es\/index.php?rest_route=%2Fwp%2Fv2%2Fcomments&post=34743"}],"version-history":[{"count":0,"href":"https:\/\/archive.sana.sy\/es\/index.php?rest_route=\/wp\/v2\/posts\/34743\/revisions"}],"wp:featuredmedia":[{"embeddable":true,"href":"https:\/\/archive.sana.sy\/es\/index.php?rest_route=\/wp\/v2\/media\/34744"}],"wp:attachment":[{"href":"https:\/\/archive.sana.sy\/es\/index.php?rest_route=%2Fwp%2Fv2%2Fmedia&parent=34743"}],"wp:term":[{"taxonomy":"category","embeddable":true,"href":"https:\/\/archive.sana.sy\/es\/index.php?rest_route=%2Fwp%2Fv2%2Fcategories&post=34743"},{"taxonomy":"post_tag","embeddable":true,"href":"https:\/\/archive.sana.sy\/es\/index.php?rest_route=%2Fwp%2Fv2%2Ftags&post=34743"}],"curies":[{"name":"wp","href":"https:\/\/api.w.org\/{rel}","templated":true}]}}