{"id":347453,"date":"2025-02-20T15:18:56","date_gmt":"2025-02-20T12:18:56","guid":{"rendered":"https:\/\/sana.sy\/es\/?p=347453"},"modified":"2025-02-20T15:18:56","modified_gmt":"2025-02-20T12:18:56","slug":"presidente-de-siria-recibe-al-canciller-chipriota","status":"publish","type":"post","link":"https:\/\/archive.sana.sy\/es\/?p=347453","title":{"rendered":"Presidente de Siria recibe al canciller chipriota"},"content":{"rendered":"<p style=\"text-align: justify;\"><span style=\"color: #800000;\"><strong>Damasco, 20 feb (SANA)<\/strong><\/span> El presidente de la Rep\u00fablica \u00c1rabe Siria, Ahmed Al-Shara, recibi\u00f3 hoy al ministro de Asuntos Exteriores de Chipre, Constantinos Koumpos.<\/p>\n<p style=\"text-align: justify;\">Asisti\u00f3 al encuentro, el ministro de Asuntos Exteriores y Expatriados, Assad Al-Shaibani.<\/p>\n<p style=\"text-align: justify;\"><img loading=\"lazy\" decoding=\"async\" class=\"alignnone size-full wp-image-347455\" src=\"http:\/\/sana.sy\/es\/wp-content\/uploads\/2025\/02\/photo_2025-02-20_14-44-45.jpg\" alt=\"\" width=\"2560\" height=\"1440\" srcset=\"https:\/\/archive.sana.sy\/es\/wp-content\/uploads\/2025\/02\/photo_2025-02-20_14-44-45.jpg 2560w, https:\/\/archive.sana.sy\/es\/wp-content\/uploads\/2025\/02\/photo_2025-02-20_14-44-45-300x169.jpg 300w, https:\/\/archive.sana.sy\/es\/wp-content\/uploads\/2025\/02\/photo_2025-02-20_14-44-45-1024x576.jpg 1024w, https:\/\/archive.sana.sy\/es\/wp-content\/uploads\/2025\/02\/photo_2025-02-20_14-44-45-150x84.jpg 150w, https:\/\/archive.sana.sy\/es\/wp-content\/uploads\/2025\/02\/photo_2025-02-20_14-44-45-768x432.jpg 768w, https:\/\/archive.sana.sy\/es\/wp-content\/uploads\/2025\/02\/photo_2025-02-20_14-44-45-1536x864.jpg 1536w, https:\/\/archive.sana.sy\/es\/wp-content\/uploads\/2025\/02\/photo_2025-02-20_14-44-45-2048x1152.jpg 2048w\" sizes=\"(max-width: 2560px) 100vw, 2560px\" \/><\/p>\n","protected":false},"excerpt":{"rendered":"<p>Damasco, 20 feb (SANA) El presidente de la Rep\u00fablica \u00c1rabe Siria, Ahmed Al-Shara, recibi\u00f3 hoy al ministro de Asuntos Exteriores de Chipre, Constantinos Koumpos. Asisti\u00f3 al encuentro, el ministro de Asuntos Exteriores y Expatriados, Assad Al-Shaibani.<\/p>\n","protected":false},"author":34,"featured_media":347454,"comment_status":"closed","ping_status":"closed","sticky":false,"template":"","format":"standard","meta":{"footnotes":""},"categories":[477,447,597,20724,476,583],"tags":[],"class_list":["post-347453","post","type-post","status-publish","format-standard","has-post-thumbnail","","category-noticias-edulcorantes","category-local-politica","category-cinta-de-noticias","category-minuto-a-minuto","category-locales","category-slide"],"_links":{"self":[{"href":"https:\/\/archive.sana.sy\/es\/index.php?rest_route=\/wp\/v2\/posts\/347453"}],"collection":[{"href":"https:\/\/archive.sana.sy\/es\/index.php?rest_route=\/wp\/v2\/posts"}],"about":[{"href":"https:\/\/archive.sana.sy\/es\/index.php?rest_route=\/wp\/v2\/types\/post"}],"author":[{"embeddable":true,"href":"https:\/\/archive.sana.sy\/es\/index.php?rest_route=\/wp\/v2\/users\/34"}],"replies":[{"embeddable":true,"href":"https:\/\/archive.sana.sy\/es\/index.php?rest_route=%2Fwp%2Fv2%2Fcomments&post=347453"}],"version-history":[{"count":1,"href":"https:\/\/archive.sana.sy\/es\/index.php?rest_route=\/wp\/v2\/posts\/347453\/revisions"}],"predecessor-version":[{"id":347456,"href":"https:\/\/archive.sana.sy\/es\/index.php?rest_route=\/wp\/v2\/posts\/347453\/revisions\/347456"}],"wp:featuredmedia":[{"embeddable":true,"href":"https:\/\/archive.sana.sy\/es\/index.php?rest_route=\/wp\/v2\/media\/347454"}],"wp:attachment":[{"href":"https:\/\/archive.sana.sy\/es\/index.php?rest_route=%2Fwp%2Fv2%2Fmedia&parent=347453"}],"wp:term":[{"taxonomy":"category","embeddable":true,"href":"https:\/\/archive.sana.sy\/es\/index.php?rest_route=%2Fwp%2Fv2%2Fcategories&post=347453"},{"taxonomy":"post_tag","embeddable":true,"href":"https:\/\/archive.sana.sy\/es\/index.php?rest_route=%2Fwp%2Fv2%2Ftags&post=347453"}],"curies":[{"name":"wp","href":"https:\/\/api.w.org\/{rel}","templated":true}]}}