{"id":34747,"date":"2015-12-05T21:11:44","date_gmt":"2015-12-05T19:11:44","guid":{"rendered":"http:\/\/sana.sy\/es\/?p=34747"},"modified":"2015-12-05T21:11:44","modified_gmt":"2015-12-05T19:11:44","slug":"dos-militares-y-un-policia-turcos-muertos-en-el-sureste-de-turquia","status":"publish","type":"post","link":"https:\/\/archive.sana.sy\/es\/?p=34747","title":{"rendered":"Dos militares y un polic\u00eda turcos muertos en el sureste de Turqu\u00eda"},"content":{"rendered":"<p style=\"text-align: justify\"><span style=\"color: #800000\">Ankara, SANA<\/span>&#8211; Dos militares han muerto en el sureste de Turqu\u00eda de mayor\u00eda turca en enfrentamientos con el grupo Partido de los Trabajadores del Kurdist\u00e1n (PKK), seg\u00fan fuentes del aparato de seguridad citadas por la agencia de noticias AFP.<\/p>\n<p style=\"text-align: justify\">Los dos militares murieron en el distrito de Cizre, provincia de Sirnak, cuando el veh\u00edculo en el que se desplazaban fue atacado por miembros del PKK. Adem\u00e1s de los dos muertos hay otros dos heridos. Los militares iban de paisano.<\/p>\n<p style=\"text-align: justify\">Por otra parte, un polic\u00eda ha muerto en el barrio de Sur, en la ciudad de Diyarbakir, cuando los atacantes dispararon a un agente que falleci\u00f3 posteriormente en el Hospital Cl\u00ednico de la Universidad de Dicle, seg\u00fan han informado el gobierno provincial y fuentes del aparato de seguridad.<\/p>\n<p>M.Miri<\/p>\n","protected":false},"excerpt":{"rendered":"<p>Ankara, SANA&#8211; Dos militares han muerto en el sureste de Turqu\u00eda de mayor\u00eda turca en enfrentamientos con el grupo Partido de los Trabajadores del Kurdist\u00e1n (PKK), seg\u00fan fuentes del aparato de seguridad citadas por la agencia de noticias AFP. Los dos militares murieron en el distrito de Cizre, provincia de Sirnak, cuando el veh\u00edculo en &hellip;<\/p>\n","protected":false},"author":1,"featured_media":29457,"comment_status":"closed","ping_status":"closed","sticky":false,"template":"","format":"standard","meta":{"footnotes":""},"categories":[456,457],"tags":[7543],"class_list":["post-34747","post","type-post","status-publish","format-standard","has-post-thumbnail","","category-arabe-internacional-politica","category-noticias-arabe-internacional-politica","tag-dos-militares-y-un-policia-turcos-muertos-en-el-sureste-de-turquia"],"_links":{"self":[{"href":"https:\/\/archive.sana.sy\/es\/index.php?rest_route=\/wp\/v2\/posts\/34747"}],"collection":[{"href":"https:\/\/archive.sana.sy\/es\/index.php?rest_route=\/wp\/v2\/posts"}],"about":[{"href":"https:\/\/archive.sana.sy\/es\/index.php?rest_route=\/wp\/v2\/types\/post"}],"author":[{"embeddable":true,"href":"https:\/\/archive.sana.sy\/es\/index.php?rest_route=\/wp\/v2\/users\/1"}],"replies":[{"embeddable":true,"href":"https:\/\/archive.sana.sy\/es\/index.php?rest_route=%2Fwp%2Fv2%2Fcomments&post=34747"}],"version-history":[{"count":0,"href":"https:\/\/archive.sana.sy\/es\/index.php?rest_route=\/wp\/v2\/posts\/34747\/revisions"}],"wp:featuredmedia":[{"embeddable":true,"href":"https:\/\/archive.sana.sy\/es\/index.php?rest_route=\/wp\/v2\/media\/29457"}],"wp:attachment":[{"href":"https:\/\/archive.sana.sy\/es\/index.php?rest_route=%2Fwp%2Fv2%2Fmedia&parent=34747"}],"wp:term":[{"taxonomy":"category","embeddable":true,"href":"https:\/\/archive.sana.sy\/es\/index.php?rest_route=%2Fwp%2Fv2%2Fcategories&post=34747"},{"taxonomy":"post_tag","embeddable":true,"href":"https:\/\/archive.sana.sy\/es\/index.php?rest_route=%2Fwp%2Fv2%2Ftags&post=34747"}],"curies":[{"name":"wp","href":"https:\/\/api.w.org\/{rel}","templated":true}]}}