{"id":347472,"date":"2025-02-21T08:50:50","date_gmt":"2025-02-21T05:50:50","guid":{"rendered":"https:\/\/sana.sy\/es\/?p=347472"},"modified":"2025-02-21T09:51:03","modified_gmt":"2025-02-21T06:51:03","slug":"canciller-turco-insta-a-levantar-las-sanciones-impuestas-a-siria-sin-condiciones-previas","status":"publish","type":"post","link":"https:\/\/archive.sana.sy\/es\/?p=347472","title":{"rendered":"Canciller turco insta a levantar las sanciones impuestas a Siria sin condiciones previas"},"content":{"rendered":"<p style=\"text-align: justify;\"><span style=\"color: #800000;\"><strong>Johannesburgo, 21 feb (SANA)<\/strong> <\/span>El ministro de Asuntos Exteriores de T\u00fcrkiye, Hakan Fidan, inst\u00f3 hoy a que se levanten las sanciones impuestas a Siria sin condiciones previas.<\/p>\n<p style=\"text-align: justify;\">\u201cPara garantizar la recuperaci\u00f3n tangible de Siria, las sanciones impuestas sobre el pa\u00eds deben levantarse sin condiciones previas\u201d, dijo el Canciller turco en su discurso durante la sesi\u00f3n \u201cSituaci\u00f3n geopol\u00edtica global\u201d celebrada como parte de la reuni\u00f3n de ministros de Asuntos Exteriores del G20 en Johannesburgo, Sud\u00e1frica, inform\u00f3 la agencia Anadolu.<\/p>\n<p style=\"text-align: justify;\">Agreg\u00f3 que los recientes acontecimientos en Siria son esperanzadores.<\/p>\n<p style=\"text-align: justify;\">\u201cExiste un firme compromiso de garantizar un trato justo a todos los grupos \u00e9tnicos y religiosos, y nuestro firme compromiso de combatir el terrorismo contin\u00faa, y tenemos en cuenta las preocupaciones de los pa\u00edses de la regi\u00f3n\u201d, a\u00f1adi\u00f3 el jefe de la diplomacia turca.<\/p>\n<p style=\"text-align: justify;\">Adem\u00e1s, destac\u00f3 que el control sobre las armas qu\u00edmicas sigue siendo una prioridad.<\/p>\n<p style=\"text-align: justify;\">sm<\/p>\n","protected":false},"excerpt":{"rendered":"<p>Johannesburgo, 21 feb (SANA) El ministro de Asuntos Exteriores de T\u00fcrkiye, Hakan Fidan, inst\u00f3 hoy a que se levanten las sanciones impuestas a Siria sin condiciones previas. \u201cPara garantizar la recuperaci\u00f3n tangible de Siria, las sanciones impuestas sobre el pa\u00eds deben levantarse sin condiciones previas\u201d, dijo el Canciller turco en su discurso durante la sesi\u00f3n &hellip;<\/p>\n","protected":false},"author":39,"featured_media":347473,"comment_status":"closed","ping_status":"closed","sticky":false,"template":"","format":"standard","meta":{"footnotes":""},"categories":[597,456,20724,467,7541],"tags":[],"class_list":["post-347472","post","type-post","status-publish","format-standard","has-post-thumbnail","","category-cinta-de-noticias","category-arabe-internacional-politica","category-minuto-a-minuto","category-siria-y-el-mundo","category-ultimas-noticias"],"_links":{"self":[{"href":"https:\/\/archive.sana.sy\/es\/index.php?rest_route=\/wp\/v2\/posts\/347472"}],"collection":[{"href":"https:\/\/archive.sana.sy\/es\/index.php?rest_route=\/wp\/v2\/posts"}],"about":[{"href":"https:\/\/archive.sana.sy\/es\/index.php?rest_route=\/wp\/v2\/types\/post"}],"author":[{"embeddable":true,"href":"https:\/\/archive.sana.sy\/es\/index.php?rest_route=\/wp\/v2\/users\/39"}],"replies":[{"embeddable":true,"href":"https:\/\/archive.sana.sy\/es\/index.php?rest_route=%2Fwp%2Fv2%2Fcomments&post=347472"}],"version-history":[{"count":1,"href":"https:\/\/archive.sana.sy\/es\/index.php?rest_route=\/wp\/v2\/posts\/347472\/revisions"}],"predecessor-version":[{"id":347474,"href":"https:\/\/archive.sana.sy\/es\/index.php?rest_route=\/wp\/v2\/posts\/347472\/revisions\/347474"}],"wp:featuredmedia":[{"embeddable":true,"href":"https:\/\/archive.sana.sy\/es\/index.php?rest_route=\/wp\/v2\/media\/347473"}],"wp:attachment":[{"href":"https:\/\/archive.sana.sy\/es\/index.php?rest_route=%2Fwp%2Fv2%2Fmedia&parent=347472"}],"wp:term":[{"taxonomy":"category","embeddable":true,"href":"https:\/\/archive.sana.sy\/es\/index.php?rest_route=%2Fwp%2Fv2%2Fcategories&post=347472"},{"taxonomy":"post_tag","embeddable":true,"href":"https:\/\/archive.sana.sy\/es\/index.php?rest_route=%2Fwp%2Fv2%2Ftags&post=347472"}],"curies":[{"name":"wp","href":"https:\/\/api.w.org\/{rel}","templated":true}]}}