{"id":347490,"date":"2025-02-21T15:37:51","date_gmt":"2025-02-21T12:37:51","guid":{"rendered":"https:\/\/sana.sy\/es\/?p=347490"},"modified":"2025-02-21T15:37:51","modified_gmt":"2025-02-21T12:37:51","slug":"funcionario-turco-confirma-apoyo-de-su-pais-al-pueblo-sirio-en-la-etapa-de-recuperacion-y-reconstruccion","status":"publish","type":"post","link":"https:\/\/archive.sana.sy\/es\/?p=347490","title":{"rendered":"Funcionario turco confirma apoyo de su pa\u00eds al pueblo sirio en la etapa de recuperaci\u00f3n y reconstrucci\u00f3n"},"content":{"rendered":"<p style=\"text-align: justify;\"><span style=\"color: #800000;\"><strong>Ankara, 21 feb (SANA)<\/strong><\/span> El jefe del Departamento de Comunicaci\u00f3n de la Presidencia turca, Fahrettin Altun, afirm\u00f3 que su pa\u00eds est\u00e1 del lado de Siria en la etapa de recuperaci\u00f3n y reconstrucci\u00f3n despu\u00e9s de haber apoyado la lucha del pueblo sirio para lograr su libertad.<\/p>\n<p style=\"text-align: justify;\">\u00a0\u201cAs\u00ed como hemos apoyado al pueblo sirio en su lucha por la libertad, es nuestra responsabilidad apoyarlo con la misma firmeza duraante la etapa de recuperaci\u00f3n y reconstrucci\u00f3n\u201d, escribi\u00f3 el funcionario turco en \u201cX\u201d con motivo de lanzamiento por parte de la presidencia turca de un cortometraje sobre la lucha del pueblo sirio por la libertad, difundi\u00f3 la agencia Anadolu.<\/p>\n<p style=\"text-align: justify;\">A\u00f1adi\u00f3 que finalmente, el destino inevitable de la injusticia en Siria se cumpli\u00f3. El Partido Baath, uno de los reg\u00edmenes dictatoriales m\u00e1s brutales y feos de la historia de la humanidad, se derrumb\u00f3, y los muros de la injusticia se cayeron uno tras otro.<\/p>\n<p style=\"text-align: justify;\">Asimismo, consider\u00f3 que Siria era un s\u00edmbolo de historia, civilizaci\u00f3n y coexistencia entre diferentes culturas, pero bajo el gobierno del Baath se convirti\u00f3 en una completa oscuridad, haciendo referencia a los gritos de los ni\u00f1os que no ve\u00edan la luz del d\u00eda en las celdas y a los oprimidos cuyas ciudades quedaron convertidas en escombros.<\/p>\n<p style=\"text-align: justify;\">En su publicaci\u00f3n en la plataforma \u201cX\u201d, el diplom\u00e1tico turco comparti\u00f3 el cortometraje publicado por la presidencia turca, que muestra la magnitud de la injusticia cometida en las c\u00e1rceles sirias.<\/p>\n","protected":false},"excerpt":{"rendered":"<p>Ankara, 21 feb (SANA) El jefe del Departamento de Comunicaci\u00f3n de la Presidencia turca, Fahrettin Altun, afirm\u00f3 que su pa\u00eds est\u00e1 del lado de Siria en la etapa de recuperaci\u00f3n y reconstrucci\u00f3n despu\u00e9s de haber apoyado la lucha del pueblo sirio para lograr su libertad. \u00a0\u201cAs\u00ed como hemos apoyado al pueblo sirio en su lucha &hellip;<\/p>\n","protected":false},"author":43,"featured_media":347491,"comment_status":"closed","ping_status":"closed","sticky":false,"template":"","format":"standard","meta":{"footnotes":""},"categories":[597,456,20724,467,7541],"tags":[],"class_list":["post-347490","post","type-post","status-publish","format-standard","has-post-thumbnail","","category-cinta-de-noticias","category-arabe-internacional-politica","category-minuto-a-minuto","category-siria-y-el-mundo","category-ultimas-noticias"],"_links":{"self":[{"href":"https:\/\/archive.sana.sy\/es\/index.php?rest_route=\/wp\/v2\/posts\/347490"}],"collection":[{"href":"https:\/\/archive.sana.sy\/es\/index.php?rest_route=\/wp\/v2\/posts"}],"about":[{"href":"https:\/\/archive.sana.sy\/es\/index.php?rest_route=\/wp\/v2\/types\/post"}],"author":[{"embeddable":true,"href":"https:\/\/archive.sana.sy\/es\/index.php?rest_route=\/wp\/v2\/users\/43"}],"replies":[{"embeddable":true,"href":"https:\/\/archive.sana.sy\/es\/index.php?rest_route=%2Fwp%2Fv2%2Fcomments&post=347490"}],"version-history":[{"count":1,"href":"https:\/\/archive.sana.sy\/es\/index.php?rest_route=\/wp\/v2\/posts\/347490\/revisions"}],"predecessor-version":[{"id":347492,"href":"https:\/\/archive.sana.sy\/es\/index.php?rest_route=\/wp\/v2\/posts\/347490\/revisions\/347492"}],"wp:featuredmedia":[{"embeddable":true,"href":"https:\/\/archive.sana.sy\/es\/index.php?rest_route=\/wp\/v2\/media\/347491"}],"wp:attachment":[{"href":"https:\/\/archive.sana.sy\/es\/index.php?rest_route=%2Fwp%2Fv2%2Fmedia&parent=347490"}],"wp:term":[{"taxonomy":"category","embeddable":true,"href":"https:\/\/archive.sana.sy\/es\/index.php?rest_route=%2Fwp%2Fv2%2Fcategories&post=347490"},{"taxonomy":"post_tag","embeddable":true,"href":"https:\/\/archive.sana.sy\/es\/index.php?rest_route=%2Fwp%2Fv2%2Ftags&post=347490"}],"curies":[{"name":"wp","href":"https:\/\/api.w.org\/{rel}","templated":true}]}}