{"id":347496,"date":"2025-02-21T18:21:49","date_gmt":"2025-02-21T15:21:49","guid":{"rendered":"https:\/\/sana.sy\/es\/?p=347496"},"modified":"2025-02-21T18:21:49","modified_gmt":"2025-02-21T15:21:49","slug":"la-ue-suspendera-las-sanciones-impuestas-a-siria-el-proximo-lunes","status":"publish","type":"post","link":"https:\/\/archive.sana.sy\/es\/?p=347496","title":{"rendered":"La UE suspender\u00e1 las sanciones impuestas a Siria el pr\u00f3ximo lunes"},"content":{"rendered":"<blockquote>\n<p style=\"text-align: justify;\"><span style=\"color: #993300;\">&#8220;Los ministros de Asuntos Exteriores de los 27 pa\u00edses, que se reunir\u00e1n el lunes en la capital belga, tomar\u00e1n una decisi\u00f3n oficial sobre este asunto despu\u00e9s de que se alcanzara un acuerdo inicial durante su reuni\u00f3n anterior en enero pasado&#8221;, dijeron los diplom\u00e1ticos citados por la Agencia de Prensa Francesa.<\/span><\/p>\n<\/blockquote>\n<p style=\"text-align: justify;\"><span style=\"color: #800000;\"><strong>Bruselas, 21 feb (SANA)<\/strong> <\/span>Diplom\u00e1ticos en Bruselas anunciaron hoy que los pa\u00edses de la Uni\u00f3n Europea tienen la intenci\u00f3n de suspender oficialmente las sanciones impuestas a Siria en los sectores bancario, energ\u00e9tico y de transporte el pr\u00f3ximo lunes.<\/p>\n<p style=\"text-align: justify;\">&#8220;Los ministros de Asuntos Exteriores de los 27 pa\u00edses, que se reunir\u00e1n el lunes en la capital belga, tomar\u00e1n una decisi\u00f3n oficial sobre este asunto despu\u00e9s de que se alcanzara un acuerdo inicial durante su reuni\u00f3n anterior en enero pasado&#8221;, dijeron los diplom\u00e1ticos citados por la Agencia de Prensa Francesa.<\/p>\n","protected":false},"excerpt":{"rendered":"<p>&#8220;Los ministros de Asuntos Exteriores de los 27 pa\u00edses, que se reunir\u00e1n el lunes en la capital belga, tomar\u00e1n una decisi\u00f3n oficial sobre este asunto despu\u00e9s de que se alcanzara un acuerdo inicial durante su reuni\u00f3n anterior en enero pasado&#8221;, dijeron los diplom\u00e1ticos citados por la Agencia de Prensa Francesa. Bruselas, 21 feb (SANA) Diplom\u00e1ticos &hellip;<\/p>\n","protected":false},"author":43,"featured_media":347497,"comment_status":"closed","ping_status":"closed","sticky":false,"template":"","format":"standard","meta":{"footnotes":""},"categories":[597,456,20724,467,7541],"tags":[],"class_list":["post-347496","post","type-post","status-publish","format-standard","has-post-thumbnail","","category-cinta-de-noticias","category-arabe-internacional-politica","category-minuto-a-minuto","category-siria-y-el-mundo","category-ultimas-noticias"],"_links":{"self":[{"href":"https:\/\/archive.sana.sy\/es\/index.php?rest_route=\/wp\/v2\/posts\/347496"}],"collection":[{"href":"https:\/\/archive.sana.sy\/es\/index.php?rest_route=\/wp\/v2\/posts"}],"about":[{"href":"https:\/\/archive.sana.sy\/es\/index.php?rest_route=\/wp\/v2\/types\/post"}],"author":[{"embeddable":true,"href":"https:\/\/archive.sana.sy\/es\/index.php?rest_route=\/wp\/v2\/users\/43"}],"replies":[{"embeddable":true,"href":"https:\/\/archive.sana.sy\/es\/index.php?rest_route=%2Fwp%2Fv2%2Fcomments&post=347496"}],"version-history":[{"count":1,"href":"https:\/\/archive.sana.sy\/es\/index.php?rest_route=\/wp\/v2\/posts\/347496\/revisions"}],"predecessor-version":[{"id":347498,"href":"https:\/\/archive.sana.sy\/es\/index.php?rest_route=\/wp\/v2\/posts\/347496\/revisions\/347498"}],"wp:featuredmedia":[{"embeddable":true,"href":"https:\/\/archive.sana.sy\/es\/index.php?rest_route=\/wp\/v2\/media\/347497"}],"wp:attachment":[{"href":"https:\/\/archive.sana.sy\/es\/index.php?rest_route=%2Fwp%2Fv2%2Fmedia&parent=347496"}],"wp:term":[{"taxonomy":"category","embeddable":true,"href":"https:\/\/archive.sana.sy\/es\/index.php?rest_route=%2Fwp%2Fv2%2Fcategories&post=347496"},{"taxonomy":"post_tag","embeddable":true,"href":"https:\/\/archive.sana.sy\/es\/index.php?rest_route=%2Fwp%2Fv2%2Ftags&post=347496"}],"curies":[{"name":"wp","href":"https:\/\/api.w.org\/{rel}","templated":true}]}}