{"id":347499,"date":"2025-02-21T18:50:04","date_gmt":"2025-02-21T15:50:04","guid":{"rendered":"https:\/\/sana.sy\/es\/?p=347499"},"modified":"2025-02-21T18:50:04","modified_gmt":"2025-02-21T15:50:04","slug":"siria-y-turquia-analizan-mecanismos-de-cooperacion","status":"publish","type":"post","link":"https:\/\/archive.sana.sy\/es\/?p=347499","title":{"rendered":"Siria y Turqu\u00eda analizan mecanismos de cooperaci\u00f3n"},"content":{"rendered":"<p style=\"text-align: justify;\"><span style=\"color: #800000;\"><strong>Alepo, 21 feb (SANA)<\/strong><\/span> El gobernador de Alepo, Azzam al-Gharib, repas\u00f3 con una delegaci\u00f3n oficial turca encabezada por el viceministro del Interior, Munir Karaloglu, los mecanismos de cooperaci\u00f3n en varios campos.<\/p>\n<p style=\"text-align: justify;\">\u201cLas dos partes analizaron las formas de cooperaci\u00f3n entre las instituciones sirias y turcas para mejorar el entorno industrial y comercial, simplificar los procedimientos y aumentar la inversi\u00f3n\u201d, declar\u00f3 la Gobernaci\u00f3n de Alepo a trav\u00e9s de su canal de Telegram.<\/p>\n<p style=\"text-align: justify;\">Las dos partes estudiaron los mecanismos para organizar el retorno voluntario de los sirios desde Turqu\u00eda, facilitar sus procedimientos de registro, unificar el sistema administrativo en la Gobernaci\u00f3n de Alepo y resolver los problemas con los registros civiles y las restricciones legales.<\/p>\n<p style=\"text-align: justify;\">Tambi\u00e9n trataron la cooperaci\u00f3n para apoyar proyectos de desarrollo, servicios y reconstrucci\u00f3n seg\u00fan una visi\u00f3n integral que incluya las personas desplazadas y los retornados.<\/p>\n<p style=\"text-align: justify;\">La delegaci\u00f3n turca incluy\u00f3, adem\u00e1s del viceministro, al Gobernador de Kilis, el C\u00f3nsul turco en Alepo y representantes del Departamento de Inmigraci\u00f3n, la Autoridad de Gesti\u00f3n de Desastres y Emergencias (AFAD), las Fuerzas Especiales, la Seguridad y la Inteligencia.<\/p>\n<div id='gallery-1' class='gallery galleryid-347499 gallery-columns-1 gallery-size-full'><figure class='gallery-item'>\n\t\t\t<div class='gallery-icon landscape'>\n\t\t\t\t<a href='https:\/\/archive.sana.sy\/es\/wp-content\/uploads\/2025\/02\/Untitled-5-8.jpg'><img loading=\"lazy\" decoding=\"async\" width=\"660\" height=\"370\" src=\"https:\/\/archive.sana.sy\/es\/wp-content\/uploads\/2025\/02\/Untitled-5-8.jpg\" class=\"attachment-full size-full\" alt=\"\" srcset=\"https:\/\/archive.sana.sy\/es\/wp-content\/uploads\/2025\/02\/Untitled-5-8.jpg 660w, https:\/\/archive.sana.sy\/es\/wp-content\/uploads\/2025\/02\/Untitled-5-8-300x168.jpg 300w, https:\/\/archive.sana.sy\/es\/wp-content\/uploads\/2025\/02\/Untitled-5-8-150x84.jpg 150w\" sizes=\"(max-width: 660px) 100vw, 660px\" \/><\/a>\n\t\t\t<\/div><\/figure><figure class='gallery-item'>\n\t\t\t<div class='gallery-icon landscape'>\n\t\t\t\t<a href='https:\/\/archive.sana.sy\/es\/wp-content\/uploads\/2025\/02\/Untitled-4-9.jpg'><img loading=\"lazy\" decoding=\"async\" width=\"660\" height=\"370\" src=\"https:\/\/archive.sana.sy\/es\/wp-content\/uploads\/2025\/02\/Untitled-4-9.jpg\" class=\"attachment-full size-full\" alt=\"\" srcset=\"https:\/\/archive.sana.sy\/es\/wp-content\/uploads\/2025\/02\/Untitled-4-9.jpg 660w, https:\/\/archive.sana.sy\/es\/wp-content\/uploads\/2025\/02\/Untitled-4-9-300x168.jpg 300w, https:\/\/archive.sana.sy\/es\/wp-content\/uploads\/2025\/02\/Untitled-4-9-150x84.jpg 150w\" sizes=\"(max-width: 660px) 100vw, 660px\" \/><\/a>\n\t\t\t<\/div><\/figure>\n\t\t<\/div>\n\n","protected":false},"excerpt":{"rendered":"<p>Alepo, 21 feb (SANA) El gobernador de Alepo, Azzam al-Gharib, repas\u00f3 con una delegaci\u00f3n oficial turca encabezada por el viceministro del Interior, Munir Karaloglu, los mecanismos de cooperaci\u00f3n en varios campos. \u201cLas dos partes analizaron las formas de cooperaci\u00f3n entre las instituciones sirias y turcas para mejorar el entorno industrial y comercial, simplificar los procedimientos &hellip;<\/p>\n","protected":false},"author":43,"featured_media":347500,"comment_status":"closed","ping_status":"closed","sticky":false,"template":"","format":"standard","meta":{"footnotes":""},"categories":[597,20724,476,467,7541],"tags":[],"class_list":["post-347499","post","type-post","status-publish","format-standard","has-post-thumbnail","","category-cinta-de-noticias","category-minuto-a-minuto","category-locales","category-siria-y-el-mundo","category-ultimas-noticias"],"_links":{"self":[{"href":"https:\/\/archive.sana.sy\/es\/index.php?rest_route=\/wp\/v2\/posts\/347499"}],"collection":[{"href":"https:\/\/archive.sana.sy\/es\/index.php?rest_route=\/wp\/v2\/posts"}],"about":[{"href":"https:\/\/archive.sana.sy\/es\/index.php?rest_route=\/wp\/v2\/types\/post"}],"author":[{"embeddable":true,"href":"https:\/\/archive.sana.sy\/es\/index.php?rest_route=\/wp\/v2\/users\/43"}],"replies":[{"embeddable":true,"href":"https:\/\/archive.sana.sy\/es\/index.php?rest_route=%2Fwp%2Fv2%2Fcomments&post=347499"}],"version-history":[{"count":1,"href":"https:\/\/archive.sana.sy\/es\/index.php?rest_route=\/wp\/v2\/posts\/347499\/revisions"}],"predecessor-version":[{"id":347503,"href":"https:\/\/archive.sana.sy\/es\/index.php?rest_route=\/wp\/v2\/posts\/347499\/revisions\/347503"}],"wp:featuredmedia":[{"embeddable":true,"href":"https:\/\/archive.sana.sy\/es\/index.php?rest_route=\/wp\/v2\/media\/347500"}],"wp:attachment":[{"href":"https:\/\/archive.sana.sy\/es\/index.php?rest_route=%2Fwp%2Fv2%2Fmedia&parent=347499"}],"wp:term":[{"taxonomy":"category","embeddable":true,"href":"https:\/\/archive.sana.sy\/es\/index.php?rest_route=%2Fwp%2Fv2%2Fcategories&post=347499"},{"taxonomy":"post_tag","embeddable":true,"href":"https:\/\/archive.sana.sy\/es\/index.php?rest_route=%2Fwp%2Fv2%2Ftags&post=347499"}],"curies":[{"name":"wp","href":"https:\/\/api.w.org\/{rel}","templated":true}]}}