{"id":34758,"date":"2015-12-06T12:14:28","date_gmt":"2015-12-06T10:14:28","guid":{"rendered":"http:\/\/sana.sy\/es\/?p=34758"},"modified":"2023-01-10T15:35:14","modified_gmt":"2023-01-10T13:35:14","slug":"principales-titulares-de-los-diarios-sirios-publicados-este-domingo-10","status":"publish","type":"post","link":"https:\/\/archive.sana.sy\/es\/?p=34758","title":{"rendered":"Principales titulares de los diarios sirios publicados este domingo"},"content":{"rendered":"<div><span lang=\"ES-TRAD\">Damasco, SANA<\/span><\/div>\n<div><\/div>\n<div><span lang=\"ES-TRAD\">Los principales diarios sirios destacaron los siguientes titulares:<\/span><\/div>\n<div><span lang=\"ES-TRAD\">\u00a0<\/span><\/div>\n<div><span lang=\"ES-TRAD\">= Un terrorista se inmola y mata a dos personas en la regi\u00f3n de Akkar en el norte del L\u00edbano.<\/span><\/div>\n<div><span lang=\"ES-TRAD\">\u00a0<\/span><\/div>\n<div><span lang=\"ES-TRAD\">= Un alto funcionario iran\u00ed asegura que Rusia e Ir\u00e1n han acordado no aceptar ninguna soluci\u00f3n que no es aceptable por el pueblo sirio.<\/span><\/div>\n<div><span lang=\"ES-TRAD\">\u00a0<\/span><\/div>\n<div><span lang=\"ES-TRAD\">= Organizaciones terroristas reconocen la muerte de 17 de sus miembros en Deraa.<\/span><\/div>\n<div><span lang=\"ES-TRAD\">\u00a0<\/span><\/div>\n<div><span lang=\"ES-TRAD\">= Berl\u00edn persiste en no planea colaborar con Mosc\u00fa y Damasco en la lucha contra el Estado Isl\u00e1mico en Siria.<\/span><\/div>\n<div><span lang=\"ES-TRAD\">\u00a0<\/span><\/div>\n<div><span lang=\"ES-TRAD\">= 100 asociaciones llevan a cabo una jornada de trabajo voluntario en cuatro provincias del pa\u00eds.<\/span><\/div>\n<div><span lang=\"ES-TRAD\">\u00a0<\/span><\/div>\n<div><span lang=\"ES-TRAD\">= Fuerzas iraqu\u00edes destruyen 20 camiones cisternas cargados de petrolero robado.<\/span><\/div>\n<div><span lang=\"ES-TRAD\">\u00a0<\/span><\/div>\n<div><span lang=\"ES-TRAD\">= Presidente al-Assad asegura que las organizaciones terroristas son como el c\u00e1ncer que no se cura haciendo heridas sino con erradicarlo.<\/span><\/div>\n<div><span dir=\"RTL\" lang=\"AR-SA\">\u00a0<\/span><\/div>\n<div><span lang=\"ES-TRAD\">= Al-Assad afirma que la lucha contra el terrorismo debe ser en cooperaci\u00f3n con el gobierno leg\u00edtimo en Siria.<\/span><\/div>\n<div><span lang=\"ES-TRAD\">\u00a0<\/span><\/div>\n<div><span lang=\"ES-TRAD\">= Mandatario sirio denuncia que el Reino Unido y Francia han formado no tienen la voluntad de luchar contra el terrorismo.<\/span><\/div>\n<div><span lang=\"ES-TRAD\">\u00a0<\/span><\/div>\n<div><span lang=\"ES-TRAD\">= Departamento de Estado cree que los camiones con petr\u00f3leo del EI se dirig\u00edan a Siria.<\/span><\/div>\n<div><span lang=\"ES-TRAD\">\u00a0<\/span><\/div>\n<div><span lang=\"ES-TRAD\">= Washington asegura que el tiroteo de San Bernardino est\u00e1 siendo investigado como un acto terrorista.<\/span><\/div>\n<div><span lang=\"ES-TRAD\">\u00a0<\/span><\/div>\n<div><span lang=\"ES-TRAD\">= Irak exige retirada inmediata de soldados turcos de su territorio.<\/span><\/div>\n<div><span lang=\"ES-TRAD\">\u00a0<\/span><\/div>\n<div><span lang=\"ES-TRAD\">= Damasco condena bloqueo de la transmisi\u00f3n del canal al-Manar.<\/span><\/div>\n<div><span lang=\"ES-TRAD\">\u00a0<\/span><\/div>\n<div><span lang=\"ES-TRAD\">= Aviaci\u00f3n militar siria aniquila a feudos de terroristas del EI en diferentes provincias.<\/span><\/div>\n<div><span lang=\"ES-TRAD\">\u00a0<\/span><\/div>\n<div><span lang=\"ES-TRAD\">= Unidades del ej\u00e9rcito retoman el control de varias localidades y sitios en el campo norte de Latakia.<\/span><\/div>\n<div><span lang=\"ES-TRAD\">\u00a0<\/span><\/div>\n<div><span lang=\"ES-TRAD\">= Muere el Emir de la organizaci\u00f3n terrorista del Frente al-Nousra en Regi\u00f3n Sur del pa\u00eds.<\/span><\/div>\n<div><span lang=\"ES-TRAD\">\u00a0\u00a0<\/span><\/div>\n<div><span lang=\"ES-TRAD\">= Cazas sirios intensifican sus operativos en el campo este de Alepo y destruyen sedes y fortificaciones del Estado Isl\u00e1mico.<\/span><\/div>\n<div><span lang=\"ES-TRAD\">\u00a0<\/span><\/div>\n<div><span lang=\"ES-TRAD\">= Terroristas del \u201cEj\u00e9rcito de Conquista\u201d sufren significativas bajas y p\u00e9rdidas materiales en Idleb.<\/span><\/div>\n<div><span lang=\"ES-TRAD\">\u00a0<\/span><\/div>\n<div><span lang=\"ES-TRAD\">= Siria e Irak firman acuerdo en el \u00e1mbito de transporte terrestre.<\/span><\/div>\n<div><span lang=\"ES-TRAD\">\u00a0<\/span><\/div>\n<div><span lang=\"ES-TRAD\">= Fuerzas yemen\u00edes matan a decenas de mercenarios saud\u00edes.<\/span><\/div>\n<div><span lang=\"ES-TRAD\">\u00a0<\/span><\/div>\n<div><span lang=\"ES-TRAD\">= Detectan aumento de terrorismo del Estado Isl\u00e1mico entre mujeres de EEUU.<\/span><\/div>\n<div><span lang=\"ES-TRAD\">\u00a0<\/span><\/div>\n<div><span lang=\"ES-TRAD\">= Autora del tiroteo en California se radicaliz\u00f3 en Arabia Saud\u00ed.<\/span><\/div>\n<div><span lang=\"ES-TRAD\">\u00a0<\/span><\/div>\n<div><span lang=\"ES-TRAD\">= Polic\u00eda iran\u00ed neutraliza una bomba en el sureste de Ir\u00e1n.<\/span><\/div>\n<div><span lang=\"ES-TRAD\">\u00a0<\/span><\/div>\n<div><span lang=\"ES-TRAD\">= Turqu\u00eda sigue castigando a periodistas que destapan apoyo de Erdogan al terrorismo.<\/span><\/div>\n<div class=\"yj6qo ajU\">\n<div id=\":m8\" class=\"ajR\"><img decoding=\"async\" class=\"ajT\" src=\"https:\/\/ssl.gstatic.com\/ui\/v1\/icons\/mail\/images\/cleardot.gif\" alt=\"\" \/><\/div>\n<\/div>\n","protected":false},"excerpt":{"rendered":"<p>Damasco, SANA Los principales diarios sirios destacaron los siguientes titulares: \u00a0 = Un terrorista se inmola y mata a dos personas en la regi\u00f3n de Akkar en el norte del L\u00edbano. \u00a0 = Un alto funcionario iran\u00ed asegura que Rusia e Ir\u00e1n han acordado no aceptar ninguna soluci\u00f3n que no es aceptable por el pueblo &hellip;<\/p>\n","protected":false},"author":1,"featured_media":3280,"comment_status":"closed","ping_status":"closed","sticky":false,"template":"","format":"standard","meta":{"footnotes":""},"categories":[447,555],"tags":[2354],"class_list":["post-34758","post","type-post","status-publish","format-standard","has-post-thumbnail","","category-local-politica","category-prensa","tag-principales-titulares-de-los-diarios-sirios-publicados-este-domingo"],"_links":{"self":[{"href":"https:\/\/archive.sana.sy\/es\/index.php?rest_route=\/wp\/v2\/posts\/34758"}],"collection":[{"href":"https:\/\/archive.sana.sy\/es\/index.php?rest_route=\/wp\/v2\/posts"}],"about":[{"href":"https:\/\/archive.sana.sy\/es\/index.php?rest_route=\/wp\/v2\/types\/post"}],"author":[{"embeddable":true,"href":"https:\/\/archive.sana.sy\/es\/index.php?rest_route=\/wp\/v2\/users\/1"}],"replies":[{"embeddable":true,"href":"https:\/\/archive.sana.sy\/es\/index.php?rest_route=%2Fwp%2Fv2%2Fcomments&post=34758"}],"version-history":[{"count":0,"href":"https:\/\/archive.sana.sy\/es\/index.php?rest_route=\/wp\/v2\/posts\/34758\/revisions"}],"wp:featuredmedia":[{"embeddable":true,"href":"https:\/\/archive.sana.sy\/es\/index.php?rest_route=\/wp\/v2\/media\/3280"}],"wp:attachment":[{"href":"https:\/\/archive.sana.sy\/es\/index.php?rest_route=%2Fwp%2Fv2%2Fmedia&parent=34758"}],"wp:term":[{"taxonomy":"category","embeddable":true,"href":"https:\/\/archive.sana.sy\/es\/index.php?rest_route=%2Fwp%2Fv2%2Fcategories&post=34758"},{"taxonomy":"post_tag","embeddable":true,"href":"https:\/\/archive.sana.sy\/es\/index.php?rest_route=%2Fwp%2Fv2%2Ftags&post=34758"}],"curies":[{"name":"wp","href":"https:\/\/api.w.org\/{rel}","templated":true}]}}