{"id":347714,"date":"2025-02-26T08:32:54","date_gmt":"2025-02-26T05:32:54","guid":{"rendered":"https:\/\/sana.sy\/es\/?p=347714"},"modified":"2025-02-26T08:33:01","modified_gmt":"2025-02-26T05:33:01","slug":"qatar-acoge-con-satisfaccion-la-conferencia-de-dialogo-nacional-sirio","status":"publish","type":"post","link":"https:\/\/archive.sana.sy\/es\/?p=347714","title":{"rendered":"Qatar acoge con satisfacci\u00f3n la Conferencia de Di\u00e1logo Nacional Sirio"},"content":{"rendered":"<p style=\"text-align: justify;\"><span style=\"color: #800000;\"><strong>Doha, 26 feb (SANA)<\/strong> <\/span>El Estado de Qatar acogi\u00f3 con satisfacci\u00f3n la convocatoria de la Conferencia de Di\u00e1logo Nacional Sirio y la consider\u00f3 un paso importante hacia el consenso, la unidad y la construcci\u00f3n de un estado de derecho e instituciones.<\/p>\n<p style=\"text-align: justify;\">El Ministerio de Asuntos Exteriores de Qatar consider\u00f3 en un comunicado publicado en su cuenta oficial en la plataforma X, que la decisi\u00f3n est\u00e1 en manos de los sirios para dar la forma al futuro de su pa\u00eds, y tambi\u00e9n destac\u00f3 la importancia de la construcci\u00f3n de un ej\u00e9rcito nacional profesional para consolidar la paz civil, la seguridad y la estabilidad.<\/p>\n<p style=\"text-align: justify;\">El Ministerio reiter\u00f3 el pleno apoyo del Estado de Qatar a la soberan\u00eda, independencia e integridad territorial de Siria y a las aspiraciones de su pueblo en la libertad, el desarrollo y el bienestar.<\/p>\n","protected":false},"excerpt":{"rendered":"<p>Doha, 26 feb (SANA) El Estado de Qatar acogi\u00f3 con satisfacci\u00f3n la convocatoria de la Conferencia de Di\u00e1logo Nacional Sirio y la consider\u00f3 un paso importante hacia el consenso, la unidad y la construcci\u00f3n de un estado de derecho e instituciones. El Ministerio de Asuntos Exteriores de Qatar consider\u00f3 en un comunicado publicado en su &hellip;<\/p>\n","protected":false},"author":42,"featured_media":347715,"comment_status":"closed","ping_status":"closed","sticky":false,"template":"","format":"standard","meta":{"footnotes":""},"categories":[597,20724,467,7541],"tags":[],"class_list":["post-347714","post","type-post","status-publish","format-standard","has-post-thumbnail","","category-cinta-de-noticias","category-minuto-a-minuto","category-siria-y-el-mundo","category-ultimas-noticias"],"_links":{"self":[{"href":"https:\/\/archive.sana.sy\/es\/index.php?rest_route=\/wp\/v2\/posts\/347714"}],"collection":[{"href":"https:\/\/archive.sana.sy\/es\/index.php?rest_route=\/wp\/v2\/posts"}],"about":[{"href":"https:\/\/archive.sana.sy\/es\/index.php?rest_route=\/wp\/v2\/types\/post"}],"author":[{"embeddable":true,"href":"https:\/\/archive.sana.sy\/es\/index.php?rest_route=\/wp\/v2\/users\/42"}],"replies":[{"embeddable":true,"href":"https:\/\/archive.sana.sy\/es\/index.php?rest_route=%2Fwp%2Fv2%2Fcomments&post=347714"}],"version-history":[{"count":1,"href":"https:\/\/archive.sana.sy\/es\/index.php?rest_route=\/wp\/v2\/posts\/347714\/revisions"}],"predecessor-version":[{"id":347716,"href":"https:\/\/archive.sana.sy\/es\/index.php?rest_route=\/wp\/v2\/posts\/347714\/revisions\/347716"}],"wp:featuredmedia":[{"embeddable":true,"href":"https:\/\/archive.sana.sy\/es\/index.php?rest_route=\/wp\/v2\/media\/347715"}],"wp:attachment":[{"href":"https:\/\/archive.sana.sy\/es\/index.php?rest_route=%2Fwp%2Fv2%2Fmedia&parent=347714"}],"wp:term":[{"taxonomy":"category","embeddable":true,"href":"https:\/\/archive.sana.sy\/es\/index.php?rest_route=%2Fwp%2Fv2%2Fcategories&post=347714"},{"taxonomy":"post_tag","embeddable":true,"href":"https:\/\/archive.sana.sy\/es\/index.php?rest_route=%2Fwp%2Fv2%2Ftags&post=347714"}],"curies":[{"name":"wp","href":"https:\/\/api.w.org\/{rel}","templated":true}]}}