{"id":347717,"date":"2025-02-26T08:52:03","date_gmt":"2025-02-26T05:52:03","guid":{"rendered":"https:\/\/sana.sy\/es\/?p=347717"},"modified":"2025-02-26T08:52:03","modified_gmt":"2025-02-26T05:52:03","slug":"kuwait-acoge-con-satisfaccion-los-resultados-de-la-conferencia-de-dialogo-nacional-sirio","status":"publish","type":"post","link":"https:\/\/archive.sana.sy\/es\/?p=347717","title":{"rendered":"Kuwait acoge con satisfacci\u00f3n los resultados de la Conferencia de Di\u00e1logo Nacional Sirio"},"content":{"rendered":"<p style=\"text-align: justify;\"><span style=\"color: #800000;\"><strong>Kuwait, 26 feb (SANA)<\/strong><\/span> El Estado de Kuwait acogi\u00f3 con benepl\u00e1cito la celebraci\u00f3n de la Conferencia de Di\u00e1logo Nacional Sirio en la Rep\u00fablica \u00c1rabe Siria.<\/p>\n<p style=\"text-align: justify;\">El Ministerio de Asuntos Exteriores de Kuwait expres\u00f3 mediante un comunicado publicado en su cuenta oficial en la plataforma X, su esperanza de que la celebraci\u00f3n de esta conferencia contribuya al alcance de las aspiraciones y esperanzas del pueblo sirio.<\/p>\n<p style=\"text-align: justify;\">Destac\u00f3 la posici\u00f3n del Estado de Kuwait en apoyo de la unidad, seguridad, independencia e integridad territorial de Siria.<\/p>\n","protected":false},"excerpt":{"rendered":"<p>Kuwait, 26 feb (SANA) El Estado de Kuwait acogi\u00f3 con benepl\u00e1cito la celebraci\u00f3n de la Conferencia de Di\u00e1logo Nacional Sirio en la Rep\u00fablica \u00c1rabe Siria. El Ministerio de Asuntos Exteriores de Kuwait expres\u00f3 mediante un comunicado publicado en su cuenta oficial en la plataforma X, su esperanza de que la celebraci\u00f3n de esta conferencia contribuya &hellip;<\/p>\n","protected":false},"author":42,"featured_media":347718,"comment_status":"closed","ping_status":"closed","sticky":false,"template":"","format":"standard","meta":{"footnotes":""},"categories":[597,20724,467,7541],"tags":[],"class_list":["post-347717","post","type-post","status-publish","format-standard","has-post-thumbnail","","category-cinta-de-noticias","category-minuto-a-minuto","category-siria-y-el-mundo","category-ultimas-noticias"],"_links":{"self":[{"href":"https:\/\/archive.sana.sy\/es\/index.php?rest_route=\/wp\/v2\/posts\/347717"}],"collection":[{"href":"https:\/\/archive.sana.sy\/es\/index.php?rest_route=\/wp\/v2\/posts"}],"about":[{"href":"https:\/\/archive.sana.sy\/es\/index.php?rest_route=\/wp\/v2\/types\/post"}],"author":[{"embeddable":true,"href":"https:\/\/archive.sana.sy\/es\/index.php?rest_route=\/wp\/v2\/users\/42"}],"replies":[{"embeddable":true,"href":"https:\/\/archive.sana.sy\/es\/index.php?rest_route=%2Fwp%2Fv2%2Fcomments&post=347717"}],"version-history":[{"count":1,"href":"https:\/\/archive.sana.sy\/es\/index.php?rest_route=\/wp\/v2\/posts\/347717\/revisions"}],"predecessor-version":[{"id":347719,"href":"https:\/\/archive.sana.sy\/es\/index.php?rest_route=\/wp\/v2\/posts\/347717\/revisions\/347719"}],"wp:featuredmedia":[{"embeddable":true,"href":"https:\/\/archive.sana.sy\/es\/index.php?rest_route=\/wp\/v2\/media\/347718"}],"wp:attachment":[{"href":"https:\/\/archive.sana.sy\/es\/index.php?rest_route=%2Fwp%2Fv2%2Fmedia&parent=347717"}],"wp:term":[{"taxonomy":"category","embeddable":true,"href":"https:\/\/archive.sana.sy\/es\/index.php?rest_route=%2Fwp%2Fv2%2Fcategories&post=347717"},{"taxonomy":"post_tag","embeddable":true,"href":"https:\/\/archive.sana.sy\/es\/index.php?rest_route=%2Fwp%2Fv2%2Ftags&post=347717"}],"curies":[{"name":"wp","href":"https:\/\/api.w.org\/{rel}","templated":true}]}}