{"id":34772,"date":"2015-12-06T19:46:56","date_gmt":"2015-12-06T17:46:56","guid":{"rendered":"http:\/\/sana.sy\/es\/?p=34772"},"modified":"2015-12-06T20:03:45","modified_gmt":"2015-12-06T18:03:45","slug":"zoabi-destaca-necesidad-de-promover-las-relaciones-de-cooperacion-con-el-sudan-en-materia-de-informacion","status":"publish","type":"post","link":"https:\/\/archive.sana.sy\/es\/?p=34772","title":{"rendered":"Zoabi destaca necesidad de promover las relaciones de cooperaci\u00f3n con el Sudan en materia de informaci\u00f3n"},"content":{"rendered":"<p>Damasco-SANA<\/p>\n<p>El ministro de informaci\u00f3n Omran Zoabi se reuni\u00f3 con el embajador del Sudan en Damasco, Khaled Mohamad. Durante la reuni\u00f3n fue examinada la cooperaci\u00f3n medi\u00e1tica conjunta entre Siria y el Sudan.<\/p>\n<p>Zoabi destac\u00f3, durante el encuentro, la importancia de promover las relaciones bilaterales en todos los \u00e1mbitos, especialmente en el \u00e1mbito medi\u00e1tico.<\/p>\n<p>Asimismo hizo alusi\u00f3n a las dimensiones de la crisis siria y al tama\u00f1o de la conspiraci\u00f3n tejida contra el pa\u00eds, aclarando que el feroz ataque que azota la regi\u00f3n requiere de esfuerzos unificados para afrontar esta embestida.<\/p>\n<p>El titular de informaci\u00f3n se\u00f1al\u00f3 que Siria va delante con el dialogo y las reconciliaciones nacionales, en paralelo con su lucha contra el terrorismo, hasta alcanzar la victoria.<\/p>\n<p>A su vez el embajador sudan\u00e9s reiter\u00f3 el apoyo de su pa\u00eds a Siria, haciendo hincapi\u00e9 en que la soluci\u00f3n de la crisis de Siria solo es posible a trav\u00e9s del di\u00e1logo, reafirmando al mismo tiempo el rechazo del Sudan a la injerencia externa en los asuntos internos de Siria.<\/p>\n<p><a href=\"http:\/\/sana.sy\/es\/wp-content\/uploads\/2015\/12\/zzzz2.jpg\"><img loading=\"lazy\" decoding=\"async\" class=\"alignnone size-medium wp-image-34774\" src=\"http:\/\/sana.sy\/es\/wp-content\/uploads\/2015\/12\/zzzz2-300x168.jpg\" alt=\"zzzz2\" width=\"300\" height=\"168\" srcset=\"https:\/\/archive.sana.sy\/es\/wp-content\/uploads\/2015\/12\/zzzz2.jpg 300w, https:\/\/archive.sana.sy\/es\/wp-content\/uploads\/2015\/12\/zzzz2-150x84.jpg 150w\" sizes=\"(max-width: 300px) 100vw, 300px\" \/><\/a><\/p>\n<p>En el mismo contexto el ministro de informaci\u00f3n Omran Zoabi se encontr\u00f3 con los miembros de una delegaci\u00f3n juvenil de la uni\u00f3n juvenil comunista de la Rep\u00fablica Checa.<\/p>\n<p>El titular de informaci\u00f3n llam\u00f3 a todos los libres del mundo a crear una frente unida para hacer frente al terrorismo internacional y sus patrocinadores.<\/p>\n<p>Asimismo hizo hincapi\u00e9 en la necesidad de que haya un intercambio de visitas entre los pol\u00edticos, medi\u00e1ticos y partidos de ambos pa\u00edses a fin de fortalecer la relaci\u00f3n entre Siria y Checa.<\/p>\n<p>El miembro del comit\u00e9 central de la uni\u00f3n de j\u00f3venes comunista checa, Milan Krajca dijo que el objetivo de la visita de la delegaci\u00f3n a Siria es conocer de cerca la realidad de la situaci\u00f3n en este pa\u00eds y transmitir al pueblo sirio, el apoyo del pueblo checo a Siria.<\/p>\n<p>Yamil K.<\/p>\n","protected":false},"excerpt":{"rendered":"<p>Damasco-SANA El ministro de informaci\u00f3n Omran Zoabi se reuni\u00f3 con el embajador del Sudan en Damasco, Khaled Mohamad. Durante la reuni\u00f3n fue examinada la cooperaci\u00f3n medi\u00e1tica conjunta entre Siria y el Sudan. Zoabi destac\u00f3, durante el encuentro, la importancia de promover las relaciones bilaterales en todos los \u00e1mbitos, especialmente en el \u00e1mbito medi\u00e1tico. Asimismo hizo &hellip;<\/p>\n","protected":false},"author":1,"featured_media":34773,"comment_status":"closed","ping_status":"closed","sticky":false,"template":"","format":"standard","meta":{"footnotes":""},"categories":[477,476,7541],"tags":[],"class_list":["post-34772","post","type-post","status-publish","format-standard","has-post-thumbnail","","category-noticias-edulcorantes","category-locales","category-ultimas-noticias"],"_links":{"self":[{"href":"https:\/\/archive.sana.sy\/es\/index.php?rest_route=\/wp\/v2\/posts\/34772"}],"collection":[{"href":"https:\/\/archive.sana.sy\/es\/index.php?rest_route=\/wp\/v2\/posts"}],"about":[{"href":"https:\/\/archive.sana.sy\/es\/index.php?rest_route=\/wp\/v2\/types\/post"}],"author":[{"embeddable":true,"href":"https:\/\/archive.sana.sy\/es\/index.php?rest_route=\/wp\/v2\/users\/1"}],"replies":[{"embeddable":true,"href":"https:\/\/archive.sana.sy\/es\/index.php?rest_route=%2Fwp%2Fv2%2Fcomments&post=34772"}],"version-history":[{"count":0,"href":"https:\/\/archive.sana.sy\/es\/index.php?rest_route=\/wp\/v2\/posts\/34772\/revisions"}],"wp:featuredmedia":[{"embeddable":true,"href":"https:\/\/archive.sana.sy\/es\/index.php?rest_route=\/wp\/v2\/media\/34773"}],"wp:attachment":[{"href":"https:\/\/archive.sana.sy\/es\/index.php?rest_route=%2Fwp%2Fv2%2Fmedia&parent=34772"}],"wp:term":[{"taxonomy":"category","embeddable":true,"href":"https:\/\/archive.sana.sy\/es\/index.php?rest_route=%2Fwp%2Fv2%2Fcategories&post=34772"},{"taxonomy":"post_tag","embeddable":true,"href":"https:\/\/archive.sana.sy\/es\/index.php?rest_route=%2Fwp%2Fv2%2Ftags&post=34772"}],"curies":[{"name":"wp","href":"https:\/\/api.w.org\/{rel}","templated":true}]}}