{"id":347720,"date":"2025-02-26T08:56:55","date_gmt":"2025-02-26T05:56:55","guid":{"rendered":"https:\/\/sana.sy\/es\/?p=347720"},"modified":"2025-02-26T08:56:55","modified_gmt":"2025-02-26T05:56:55","slug":"arabia-saudita-saluda-la-conferencia-de-dialogo-nacional-en-siria","status":"publish","type":"post","link":"https:\/\/archive.sana.sy\/es\/?p=347720","title":{"rendered":"Arabia Saudita saluda la Conferencia de Di\u00e1logo Nacional en Siria"},"content":{"rendered":"<p style=\"text-align: justify;\"><span style=\"color: #800000;\"><strong>Riad, 26 feb (SANA)<\/strong> <\/span>El Reino de Arabia Saudita acogi\u00f3 con benepl\u00e1cito la convocatoria de la Conferencia de Di\u00e1logo Nacional Sirio y expres\u00f3 su esperanza de que contribuya a la realizaci\u00f3n de las aspiraciones del pueblo sirio y al fortalecimiento de su unidad nacional.<\/p>\n<p style=\"text-align: justify;\">El Ministerio de Asuntos Exteriores de Arabia Saudita afirm\u00f3 en una declaraci\u00f3n publicada en la plataforma (X), el apoyo del Reino a los esfuerzos para construir instituciones estatales sirias y lograr estabilidad y prosperidad para sus ciudadanos.<\/p>\n<p style=\"text-align: justify;\">Ratific\u00f3 la posici\u00f3n de Arabia Saudita en apoyo a la seguridad, estabilidad, soberan\u00eda, unidad e integridad territorial de Siria.<\/p>\n","protected":false},"excerpt":{"rendered":"<p>Riad, 26 feb (SANA) El Reino de Arabia Saudita acogi\u00f3 con benepl\u00e1cito la convocatoria de la Conferencia de Di\u00e1logo Nacional Sirio y expres\u00f3 su esperanza de que contribuya a la realizaci\u00f3n de las aspiraciones del pueblo sirio y al fortalecimiento de su unidad nacional. El Ministerio de Asuntos Exteriores de Arabia Saudita afirm\u00f3 en una &hellip;<\/p>\n","protected":false},"author":42,"featured_media":347721,"comment_status":"closed","ping_status":"closed","sticky":false,"template":"","format":"standard","meta":{"footnotes":""},"categories":[597,20724,467,7541],"tags":[],"class_list":["post-347720","post","type-post","status-publish","format-standard","has-post-thumbnail","","category-cinta-de-noticias","category-minuto-a-minuto","category-siria-y-el-mundo","category-ultimas-noticias"],"_links":{"self":[{"href":"https:\/\/archive.sana.sy\/es\/index.php?rest_route=\/wp\/v2\/posts\/347720"}],"collection":[{"href":"https:\/\/archive.sana.sy\/es\/index.php?rest_route=\/wp\/v2\/posts"}],"about":[{"href":"https:\/\/archive.sana.sy\/es\/index.php?rest_route=\/wp\/v2\/types\/post"}],"author":[{"embeddable":true,"href":"https:\/\/archive.sana.sy\/es\/index.php?rest_route=\/wp\/v2\/users\/42"}],"replies":[{"embeddable":true,"href":"https:\/\/archive.sana.sy\/es\/index.php?rest_route=%2Fwp%2Fv2%2Fcomments&post=347720"}],"version-history":[{"count":1,"href":"https:\/\/archive.sana.sy\/es\/index.php?rest_route=\/wp\/v2\/posts\/347720\/revisions"}],"predecessor-version":[{"id":347722,"href":"https:\/\/archive.sana.sy\/es\/index.php?rest_route=\/wp\/v2\/posts\/347720\/revisions\/347722"}],"wp:featuredmedia":[{"embeddable":true,"href":"https:\/\/archive.sana.sy\/es\/index.php?rest_route=\/wp\/v2\/media\/347721"}],"wp:attachment":[{"href":"https:\/\/archive.sana.sy\/es\/index.php?rest_route=%2Fwp%2Fv2%2Fmedia&parent=347720"}],"wp:term":[{"taxonomy":"category","embeddable":true,"href":"https:\/\/archive.sana.sy\/es\/index.php?rest_route=%2Fwp%2Fv2%2Fcategories&post=347720"},{"taxonomy":"post_tag","embeddable":true,"href":"https:\/\/archive.sana.sy\/es\/index.php?rest_route=%2Fwp%2Fv2%2Ftags&post=347720"}],"curies":[{"name":"wp","href":"https:\/\/api.w.org\/{rel}","templated":true}]}}