{"id":347747,"date":"2025-02-26T16:46:40","date_gmt":"2025-02-26T13:46:40","guid":{"rendered":"https:\/\/sana.sy\/es\/?p=347747"},"modified":"2025-02-26T16:48:18","modified_gmt":"2025-02-26T13:48:18","slug":"turkiye-destaca-que-el-dialogo-nacional-define-el-futuro-de-la-nueva-siria","status":"publish","type":"post","link":"https:\/\/archive.sana.sy\/es\/?p=347747","title":{"rendered":"T\u00fcrkiye destaca que el di\u00e1logo nacional define el futuro de la nueva Siria"},"content":{"rendered":"<p style=\"text-align: justify\"><span style=\"color: #800000\"><strong>Ankara, 26 feb (SANA)<\/strong><\/span> El ministro de Relaciones Exteriores de T\u00fcrkiye, Hakan Fidan, destac\u00f3 la importancia de la Conferencia de Di\u00e1logo Nacional Sirio para el futuro del pa\u00eds y expres\u00f3 la esperanza de que este evento traiga beneficios al pueblo y al Estado sirios.<\/p>\n<p style=\"text-align: justify\">Esta reuni\u00f3n nacional continuar\u00e1 para determinar el futuro de Siria y establecer el concepto del Estado, y apoyaremos al gobierno actual en la nueva fase y la fase de paz, dijo el canciller turco en una rueda de prensa.<\/p>\n<p style=\"text-align: justify\">Fidan destac\u00f3 que el futuro de Siria depende de su pueblo y que T\u00fcrkiye considera el di\u00e1logo nacional como un paso importante en este sentido.<\/p>\n<p style=\"text-align: justify\">\n","protected":false},"excerpt":{"rendered":"<p>Ankara, 26 feb (SANA) El ministro de Relaciones Exteriores de T\u00fcrkiye, Hakan Fidan, destac\u00f3 la importancia de la Conferencia de Di\u00e1logo Nacional Sirio para el futuro del pa\u00eds y expres\u00f3 la esperanza de que este evento traiga beneficios al pueblo y al Estado sirios. Esta reuni\u00f3n nacional continuar\u00e1 para determinar el futuro de Siria y &hellip;<\/p>\n","protected":false},"author":24,"featured_media":347748,"comment_status":"closed","ping_status":"closed","sticky":false,"template":"","format":"standard","meta":{"footnotes":""},"categories":[447,597,20724,448,467,7541],"tags":[],"class_list":["post-347747","post","type-post","status-publish","format-standard","has-post-thumbnail","","category-local-politica","category-cinta-de-noticias","category-minuto-a-minuto","category-noticias","category-siria-y-el-mundo","category-ultimas-noticias"],"_links":{"self":[{"href":"https:\/\/archive.sana.sy\/es\/index.php?rest_route=\/wp\/v2\/posts\/347747"}],"collection":[{"href":"https:\/\/archive.sana.sy\/es\/index.php?rest_route=\/wp\/v2\/posts"}],"about":[{"href":"https:\/\/archive.sana.sy\/es\/index.php?rest_route=\/wp\/v2\/types\/post"}],"author":[{"embeddable":true,"href":"https:\/\/archive.sana.sy\/es\/index.php?rest_route=\/wp\/v2\/users\/24"}],"replies":[{"embeddable":true,"href":"https:\/\/archive.sana.sy\/es\/index.php?rest_route=%2Fwp%2Fv2%2Fcomments&post=347747"}],"version-history":[{"count":2,"href":"https:\/\/archive.sana.sy\/es\/index.php?rest_route=\/wp\/v2\/posts\/347747\/revisions"}],"predecessor-version":[{"id":347750,"href":"https:\/\/archive.sana.sy\/es\/index.php?rest_route=\/wp\/v2\/posts\/347747\/revisions\/347750"}],"wp:featuredmedia":[{"embeddable":true,"href":"https:\/\/archive.sana.sy\/es\/index.php?rest_route=\/wp\/v2\/media\/347748"}],"wp:attachment":[{"href":"https:\/\/archive.sana.sy\/es\/index.php?rest_route=%2Fwp%2Fv2%2Fmedia&parent=347747"}],"wp:term":[{"taxonomy":"category","embeddable":true,"href":"https:\/\/archive.sana.sy\/es\/index.php?rest_route=%2Fwp%2Fv2%2Fcategories&post=347747"},{"taxonomy":"post_tag","embeddable":true,"href":"https:\/\/archive.sana.sy\/es\/index.php?rest_route=%2Fwp%2Fv2%2Ftags&post=347747"}],"curies":[{"name":"wp","href":"https:\/\/api.w.org\/{rel}","templated":true}]}}