{"id":347756,"date":"2025-02-26T17:45:55","date_gmt":"2025-02-26T14:45:55","guid":{"rendered":"https:\/\/sana.sy\/es\/?p=347756"},"modified":"2025-02-26T18:06:39","modified_gmt":"2025-02-26T15:06:39","slug":"conversaciones-entre-ministerio-de-salud-y-la-mision-de-la-ue-para-mejorar-servicios-de-salud-en-siria","status":"publish","type":"post","link":"https:\/\/archive.sana.sy\/es\/?p=347756","title":{"rendered":"Conversaciones entre el Ministerio de Salud y la misi\u00f3n de la UE para mejorar servicios de salud en Siria"},"content":{"rendered":"<p style=\"text-align: justify\"><span style=\"color: #800000\"><strong>Damasco, 26 feb (SANA)<\/strong><\/span> El ministro de Salud, Dr. Maher Al-Shara, abord\u00f3 con el encargado de negocios de la misi\u00f3n de la Uni\u00f3n Europea en Siria, Michael Ohnmacht, las v\u00edas \u00a0de fortalecer la cooperaci\u00f3n en el campo de la salud.<\/p>\n<p style=\"text-align: justify\">El encuentro tuvo lugar hoy en la sede del Ministerio de Salud en la capital Damasco.<\/p>\n<p style=\"text-align: justify\">El ministro Al-Shara valor\u00f3 el importante apoyo que concedi\u00f3 la UE al sector de salud en el noroeste de Siria, destacando la necesidad de consolidar el trabajo conjunto en el per\u00edodo actual.<\/p>\n<p style=\"text-align: justify\">Las dos partes revisaron la colaboraci\u00f3n existente en las \u00e1reas de atenci\u00f3n primaria, salud p\u00fablica y la rehabilitaci\u00f3n de instalaciones sanitarias.<\/p>\n<p style=\"text-align: justify\">En este contexto, el alto diplom\u00e1tico europeo asegur\u00f3 que la UE continuar\u00e1 sus esfuerzos para apoyar al pueblo sirio en los diversos campos.<\/p>\n<p style=\"text-align: justify\">Asimismo escuch\u00f3 los desaf\u00edos que enfrenta el sector de salud y plante\u00f3 algunas sugerencias destinadas a mejorar el nivel de servicios m\u00e9dicos en los establecimientos sirios.<\/p>\n","protected":false},"excerpt":{"rendered":"<p>Damasco, 26 feb (SANA) El ministro de Salud, Dr. Maher Al-Shara, abord\u00f3 con el encargado de negocios de la misi\u00f3n de la Uni\u00f3n Europea en Siria, Michael Ohnmacht, las v\u00edas \u00a0de fortalecer la cooperaci\u00f3n en el campo de la salud. El encuentro tuvo lugar hoy en la sede del Ministerio de Salud en la capital &hellip;<\/p>\n","protected":false},"author":24,"featured_media":347757,"comment_status":"closed","ping_status":"closed","sticky":false,"template":"","format":"standard","meta":{"footnotes":""},"categories":[597,20724,467,7541],"tags":[],"class_list":["post-347756","post","type-post","status-publish","format-standard","has-post-thumbnail","","category-cinta-de-noticias","category-minuto-a-minuto","category-siria-y-el-mundo","category-ultimas-noticias"],"_links":{"self":[{"href":"https:\/\/archive.sana.sy\/es\/index.php?rest_route=\/wp\/v2\/posts\/347756"}],"collection":[{"href":"https:\/\/archive.sana.sy\/es\/index.php?rest_route=\/wp\/v2\/posts"}],"about":[{"href":"https:\/\/archive.sana.sy\/es\/index.php?rest_route=\/wp\/v2\/types\/post"}],"author":[{"embeddable":true,"href":"https:\/\/archive.sana.sy\/es\/index.php?rest_route=\/wp\/v2\/users\/24"}],"replies":[{"embeddable":true,"href":"https:\/\/archive.sana.sy\/es\/index.php?rest_route=%2Fwp%2Fv2%2Fcomments&post=347756"}],"version-history":[{"count":2,"href":"https:\/\/archive.sana.sy\/es\/index.php?rest_route=\/wp\/v2\/posts\/347756\/revisions"}],"predecessor-version":[{"id":347766,"href":"https:\/\/archive.sana.sy\/es\/index.php?rest_route=\/wp\/v2\/posts\/347756\/revisions\/347766"}],"wp:featuredmedia":[{"embeddable":true,"href":"https:\/\/archive.sana.sy\/es\/index.php?rest_route=\/wp\/v2\/media\/347757"}],"wp:attachment":[{"href":"https:\/\/archive.sana.sy\/es\/index.php?rest_route=%2Fwp%2Fv2%2Fmedia&parent=347756"}],"wp:term":[{"taxonomy":"category","embeddable":true,"href":"https:\/\/archive.sana.sy\/es\/index.php?rest_route=%2Fwp%2Fv2%2Fcategories&post=347756"},{"taxonomy":"post_tag","embeddable":true,"href":"https:\/\/archive.sana.sy\/es\/index.php?rest_route=%2Fwp%2Fv2%2Ftags&post=347756"}],"curies":[{"name":"wp","href":"https:\/\/api.w.org\/{rel}","templated":true}]}}