{"id":347790,"date":"2025-02-27T10:11:00","date_gmt":"2025-02-27T07:11:00","guid":{"rendered":"https:\/\/sana.sy\/es\/?p=347790"},"modified":"2025-02-27T10:11:29","modified_gmt":"2025-02-27T07:11:29","slug":"safadi-la-agresion-israeli-contra-siria-es-una-flagrante-violacion-del-derecho-internacional","status":"publish","type":"post","link":"https:\/\/archive.sana.sy\/es\/?p=347790","title":{"rendered":"Safadi: La agresi\u00f3n israel\u00ed contra Siria es una flagrante violaci\u00f3n del derecho internacional"},"content":{"rendered":"<p><strong><span style=\"color: #800000;\">Am\u00e1n,\u00a0 27 feb (SANA)<\/span>\u00a0 <\/strong>El ministro de Asuntos Exteriores de Jordania, Ayman Safadi, dijo hoy que la agresi\u00f3n israel\u00ed contra Siria constituye una flagrante violaci\u00f3n del derecho internacional y una peligrosa escalada que podr\u00eda contribuir a avivar la tensi\u00f3n y el conflicto.<\/p>\n<p>La Agencia de Noticias Ammon inform\u00f3 que Safadi pidi\u00f3 al Consejo de Seguridad de la ONU que tome medidas inmediatas para implementar el derecho internacional y obligar a Israel a detener sus ataques provocadores e ilegales en territorio sirio y poner fin a su ocupaci\u00f3n de parte del mismo.<\/p>\n<p>El Canciller reiter\u00f3 el apoyo absoluto de Jordania a Siria, su seguridad, estabilidad y soberan\u00eda.<\/p>\n","protected":false},"excerpt":{"rendered":"<p>Am\u00e1n,\u00a0 27 feb (SANA)\u00a0 El ministro de Asuntos Exteriores de Jordania, Ayman Safadi, dijo hoy que la agresi\u00f3n israel\u00ed contra Siria constituye una flagrante violaci\u00f3n del derecho internacional y una peligrosa escalada que podr\u00eda contribuir a avivar la tensi\u00f3n y el conflicto. La Agencia de Noticias Ammon inform\u00f3 que Safadi pidi\u00f3 al Consejo de Seguridad &hellip;<\/p>\n","protected":false},"author":35,"featured_media":347792,"comment_status":"closed","ping_status":"closed","sticky":false,"template":"","format":"standard","meta":{"footnotes":""},"categories":[597,456,16687,20724,467,7541],"tags":[],"class_list":["post-347790","post","type-post","status-publish","format-standard","has-post-thumbnail","","category-cinta-de-noticias","category-arabe-internacional-politica","category-internacionales","category-minuto-a-minuto","category-siria-y-el-mundo","category-ultimas-noticias"],"_links":{"self":[{"href":"https:\/\/archive.sana.sy\/es\/index.php?rest_route=\/wp\/v2\/posts\/347790"}],"collection":[{"href":"https:\/\/archive.sana.sy\/es\/index.php?rest_route=\/wp\/v2\/posts"}],"about":[{"href":"https:\/\/archive.sana.sy\/es\/index.php?rest_route=\/wp\/v2\/types\/post"}],"author":[{"embeddable":true,"href":"https:\/\/archive.sana.sy\/es\/index.php?rest_route=\/wp\/v2\/users\/35"}],"replies":[{"embeddable":true,"href":"https:\/\/archive.sana.sy\/es\/index.php?rest_route=%2Fwp%2Fv2%2Fcomments&post=347790"}],"version-history":[{"count":1,"href":"https:\/\/archive.sana.sy\/es\/index.php?rest_route=\/wp\/v2\/posts\/347790\/revisions"}],"predecessor-version":[{"id":347791,"href":"https:\/\/archive.sana.sy\/es\/index.php?rest_route=\/wp\/v2\/posts\/347790\/revisions\/347791"}],"wp:featuredmedia":[{"embeddable":true,"href":"https:\/\/archive.sana.sy\/es\/index.php?rest_route=\/wp\/v2\/media\/347792"}],"wp:attachment":[{"href":"https:\/\/archive.sana.sy\/es\/index.php?rest_route=%2Fwp%2Fv2%2Fmedia&parent=347790"}],"wp:term":[{"taxonomy":"category","embeddable":true,"href":"https:\/\/archive.sana.sy\/es\/index.php?rest_route=%2Fwp%2Fv2%2Fcategories&post=347790"},{"taxonomy":"post_tag","embeddable":true,"href":"https:\/\/archive.sana.sy\/es\/index.php?rest_route=%2Fwp%2Fv2%2Ftags&post=347790"}],"curies":[{"name":"wp","href":"https:\/\/api.w.org\/{rel}","templated":true}]}}