{"id":347793,"date":"2025-02-27T10:12:44","date_gmt":"2025-02-27T07:12:44","guid":{"rendered":"https:\/\/sana.sy\/es\/?p=347793"},"modified":"2025-02-27T10:14:37","modified_gmt":"2025-02-27T07:14:37","slug":"42-675-sirios-abandonaron-jordania-voluntariamente-y-volvieron-a-su-pais","status":"publish","type":"post","link":"https:\/\/archive.sana.sy\/es\/?p=347793","title":{"rendered":"42.675 sirios abandonaron Jordania voluntariamente y volvieron a su pa\u00eds"},"content":{"rendered":"<p style=\"text-align: justify;\"><strong><span style=\"color: #800000;\">Am\u00e1n,\u00a0 27 feb (SANA)<\/span>\u00a0 \u00a0<\/strong>El Ministerio del Interior de Jordania anunci\u00f3 el regreso de 42.675 sirios a su pa\u00eds, a trav\u00e9s del paso fronterizo de Nassib-Jaber, desde la ca\u00edda del antiguo r\u00e9gimen el 8 de diciembre pasado.<\/p>\n<p style=\"text-align: justify;\">\u201cEl n\u00famero de refugiados sirios que abandonaron los campamentos en Jordania y se dirigieron a Siria ascendi\u00f3 a 7.117 refugiados, y el n\u00famero de los que salieron de diferentes regiones del Reino lleg\u00f3 a 35.558 sirios\u201d, inform\u00f3 una fuente del Ministerio.<\/p>\n<p style=\"text-align: justify;\">Confirm\u00f3 que todos los sirios que abandonaron el reino \u201clo hicieron voluntariamente\u201d.<\/p>\n","protected":false},"excerpt":{"rendered":"<p>Am\u00e1n,\u00a0 27 feb (SANA)\u00a0 \u00a0El Ministerio del Interior de Jordania anunci\u00f3 el regreso de 42.675 sirios a su pa\u00eds, a trav\u00e9s del paso fronterizo de Nassib-Jaber, desde la ca\u00edda del antiguo r\u00e9gimen el 8 de diciembre pasado. \u201cEl n\u00famero de refugiados sirios que abandonaron los campamentos en Jordania y se dirigieron a Siria ascendi\u00f3 a &hellip;<\/p>\n","protected":false},"author":35,"featured_media":347795,"comment_status":"closed","ping_status":"closed","sticky":false,"template":"","format":"standard","meta":{"footnotes":""},"categories":[597,456,16687,20724,467,7541],"tags":[],"class_list":["post-347793","post","type-post","status-publish","format-standard","has-post-thumbnail","","category-cinta-de-noticias","category-arabe-internacional-politica","category-internacionales","category-minuto-a-minuto","category-siria-y-el-mundo","category-ultimas-noticias"],"_links":{"self":[{"href":"https:\/\/archive.sana.sy\/es\/index.php?rest_route=\/wp\/v2\/posts\/347793"}],"collection":[{"href":"https:\/\/archive.sana.sy\/es\/index.php?rest_route=\/wp\/v2\/posts"}],"about":[{"href":"https:\/\/archive.sana.sy\/es\/index.php?rest_route=\/wp\/v2\/types\/post"}],"author":[{"embeddable":true,"href":"https:\/\/archive.sana.sy\/es\/index.php?rest_route=\/wp\/v2\/users\/35"}],"replies":[{"embeddable":true,"href":"https:\/\/archive.sana.sy\/es\/index.php?rest_route=%2Fwp%2Fv2%2Fcomments&post=347793"}],"version-history":[{"count":2,"href":"https:\/\/archive.sana.sy\/es\/index.php?rest_route=\/wp\/v2\/posts\/347793\/revisions"}],"predecessor-version":[{"id":347796,"href":"https:\/\/archive.sana.sy\/es\/index.php?rest_route=\/wp\/v2\/posts\/347793\/revisions\/347796"}],"wp:featuredmedia":[{"embeddable":true,"href":"https:\/\/archive.sana.sy\/es\/index.php?rest_route=\/wp\/v2\/media\/347795"}],"wp:attachment":[{"href":"https:\/\/archive.sana.sy\/es\/index.php?rest_route=%2Fwp%2Fv2%2Fmedia&parent=347793"}],"wp:term":[{"taxonomy":"category","embeddable":true,"href":"https:\/\/archive.sana.sy\/es\/index.php?rest_route=%2Fwp%2Fv2%2Fcategories&post=347793"},{"taxonomy":"post_tag","embeddable":true,"href":"https:\/\/archive.sana.sy\/es\/index.php?rest_route=%2Fwp%2Fv2%2Ftags&post=347793"}],"curies":[{"name":"wp","href":"https:\/\/api.w.org\/{rel}","templated":true}]}}