{"id":347812,"date":"2025-02-27T15:50:58","date_gmt":"2025-02-27T12:50:58","guid":{"rendered":"https:\/\/sana.sy\/es\/?p=347812"},"modified":"2025-02-27T16:12:13","modified_gmt":"2025-02-27T13:12:13","slug":"liga-musulmana-mundial-condena-bombardeos-israelies-contra-localidades-sirias","status":"publish","type":"post","link":"https:\/\/archive.sana.sy\/es\/?p=347812","title":{"rendered":"Liga Mundial Musulmana condena bombardeos israel\u00edes contra localidades sirias"},"content":{"rendered":"<p style=\"text-align: justify;\"><span style=\"color: #800000;\"><strong>Riad, 27 feb (SANA)\u00a0<\/strong><\/span> La Liga Mundial Musulmana conden\u00f3 los bombardeos israel\u00edes contra varias localidades de Siria y afirm\u00f3 su solidaridad con el pueblo sirio frente a todo lo que amenace su seguridad y estabilidad.<\/p>\n<p style=\"text-align: justify;\">El secretario general de la referida entidad, Mohammed bin Abdul Karim Al-Issa, mediante una declaraci\u00f3n publicada en el sitio web de la Liga, denunci\u00f3 hoy este enfoque israel\u00ed de violar las leyes y normas internacionales y socavar la seguridad y la estabilidad en la regi\u00f3n.<\/p>\n<p style=\"text-align: justify;\">Asimismo, subray\u00f3 su plena solidaridad con Siria y su pueblo contra cualquier cosa que amenace su seguridad, estabilidad, soberan\u00eda e integridad territorial.<\/p>\n","protected":false},"excerpt":{"rendered":"<p>Riad, 27 feb (SANA)\u00a0 La Liga Mundial Musulmana conden\u00f3 los bombardeos israel\u00edes contra varias localidades de Siria y afirm\u00f3 su solidaridad con el pueblo sirio frente a todo lo que amenace su seguridad y estabilidad. El secretario general de la referida entidad, Mohammed bin Abdul Karim Al-Issa, mediante una declaraci\u00f3n publicada en el sitio web &hellip;<\/p>\n","protected":false},"author":39,"featured_media":347813,"comment_status":"closed","ping_status":"closed","sticky":false,"template":"","format":"standard","meta":{"footnotes":""},"categories":[597,456,20724,467,7541],"tags":[],"class_list":["post-347812","post","type-post","status-publish","format-standard","has-post-thumbnail","","category-cinta-de-noticias","category-arabe-internacional-politica","category-minuto-a-minuto","category-siria-y-el-mundo","category-ultimas-noticias"],"_links":{"self":[{"href":"https:\/\/archive.sana.sy\/es\/index.php?rest_route=\/wp\/v2\/posts\/347812"}],"collection":[{"href":"https:\/\/archive.sana.sy\/es\/index.php?rest_route=\/wp\/v2\/posts"}],"about":[{"href":"https:\/\/archive.sana.sy\/es\/index.php?rest_route=\/wp\/v2\/types\/post"}],"author":[{"embeddable":true,"href":"https:\/\/archive.sana.sy\/es\/index.php?rest_route=\/wp\/v2\/users\/39"}],"replies":[{"embeddable":true,"href":"https:\/\/archive.sana.sy\/es\/index.php?rest_route=%2Fwp%2Fv2%2Fcomments&post=347812"}],"version-history":[{"count":3,"href":"https:\/\/archive.sana.sy\/es\/index.php?rest_route=\/wp\/v2\/posts\/347812\/revisions"}],"predecessor-version":[{"id":347816,"href":"https:\/\/archive.sana.sy\/es\/index.php?rest_route=\/wp\/v2\/posts\/347812\/revisions\/347816"}],"wp:featuredmedia":[{"embeddable":true,"href":"https:\/\/archive.sana.sy\/es\/index.php?rest_route=\/wp\/v2\/media\/347813"}],"wp:attachment":[{"href":"https:\/\/archive.sana.sy\/es\/index.php?rest_route=%2Fwp%2Fv2%2Fmedia&parent=347812"}],"wp:term":[{"taxonomy":"category","embeddable":true,"href":"https:\/\/archive.sana.sy\/es\/index.php?rest_route=%2Fwp%2Fv2%2Fcategories&post=347812"},{"taxonomy":"post_tag","embeddable":true,"href":"https:\/\/archive.sana.sy\/es\/index.php?rest_route=%2Fwp%2Fv2%2Ftags&post=347812"}],"curies":[{"name":"wp","href":"https:\/\/api.w.org\/{rel}","templated":true}]}}