{"id":34785,"date":"2015-12-07T11:27:11","date_gmt":"2015-12-07T09:27:11","guid":{"rendered":"http:\/\/sana.sy\/es\/?p=34785"},"modified":"2015-12-08T16:41:34","modified_gmt":"2015-12-08T14:41:34","slug":"siria-denuncia-energicamente-la-agresion-desatada-por-la-coalicion-anti-ei-contra-un-cuartel-del-ejercito-sirio-en-deir-ezzor","status":"publish","type":"post","link":"https:\/\/archive.sana.sy\/es\/?p=34785","title":{"rendered":"Siria denuncia en\u00e9rgicamente la agresi\u00f3n desatada por la Coalici\u00f3n anti EI contra un cuartel del ej\u00e9rcito sirio en Deir Ezzor"},"content":{"rendered":"<div class=\"adn ads\">\n<div class=\"gs\">\n<div id=\":vg\" class=\"ii gt m1517bc0e02b1261e adP adO\">\n<div id=\":vf\" class=\"a3s\">\n<div dir=\"ltr\">\n<div dir=\"ltr\">\n<p><span style=\"color: #800000\"><b>Damasco, SANA<\/b><\/span><\/p>\n<p><b>Siria expres\u00f3 este lunes su en\u00e9rgica condena a la agresi\u00f3n perpetrada por cazas de la Coalici\u00f3n Internacional anti el Estado Isl\u00e1mico contra uno de los cuarteles del ej\u00e9rcito sirio en la ciudad de Deir Ezzor.<\/b><\/p>\n<p><b>En una carta de condena enviada a la Secretar\u00eda General de la ONU y el Consejo de Seguridad Internacional, la Canciller\u00eda precis\u00f3 que en la tarde del pasado domingo-06\/12\/2015- cuatro aviones de combate de la Coalici\u00f3n anti EI, encabezada por EEUU, atacaron uno de los campamentos del ej\u00e9rcito sirio en Deir Ezzor con nueve misiles, atentado que ocasion\u00f3 la muerte de tres militares y heridas a 13 otros, adem\u00e1s de la destrucci\u00f3n de tres veh\u00edculos blindados, cuatro veh\u00edculos de transporte de soldados, una ametralladora de 23 mm de calibre , otra de 14,5 mm de calibra y un dep\u00f3sito de armas y municiones.<\/b><\/p>\n<p><b>Canciller\u00eda denunci\u00f3 que esta agresi\u00f3n contra una unidad castrense siria se produjo mientras que el ej\u00e9rcito sirio realiza operaciones contra las organizaciones terroristas del EI y el Frente de al-Nousra, entre otras organizaciones vinculadas con al-Qaeda, lo que se considera una acci\u00f3n que obstaculiza los esfuerzos antiterroristas, y demuestra una vez m\u00e1s la falta de seriedad y honestidad de esta alianza internacional en su lucha contra el terrorismo que representa una seria amenaza para la seguridad y paz tanto en la regi\u00f3n como en el mundo entero.<\/b><\/p>\n<p><b>Concluyendo la carta, la Canciller\u00eda reiter\u00f3 su condena a esta flagrante agresi\u00f3n que contradice con la Carta de la ONU, exigiendo el Consejo de Seguridad de la ONU que reaccione inmediatamente ante la misma y adopte medidas disuasorias para evitar que se repita tal agresi\u00f3n.<br \/>\n<\/b><\/p>\n<\/div>\n<p>&nbsp;<\/p>\n<div dir=\"ltr\">\n<p><span style=\"color: #000000\">Lynn A., Hala B.<\/span><\/p>\n<\/div>\n<\/div>\n<div class=\"yj6qo\"><span style=\"color: #000000\">\u00a0<\/span><\/div>\n<\/div>\n<\/div>\n<div class=\"hi\"><\/div>\n<\/div>\n<div class=\"ajx\"><\/div>\n<\/div>\n<div class=\"gA gt acV\"><\/div>\n","protected":false},"excerpt":{"rendered":"<p>Damasco, SANA Siria expres\u00f3 este lunes su en\u00e9rgica condena a la agresi\u00f3n perpetrada por cazas de la Coalici\u00f3n Internacional anti el Estado Isl\u00e1mico contra uno de los cuarteles del ej\u00e9rcito sirio en la ciudad de Deir Ezzor. En una carta de condena enviada a la Secretar\u00eda General de la ONU y el Consejo de Seguridad &hellip;<\/p>\n","protected":false},"author":1,"featured_media":28499,"comment_status":"closed","ping_status":"closed","sticky":false,"template":"","format":"standard","meta":{"footnotes":""},"categories":[477,597,476,583,7541],"tags":[7548],"class_list":["post-34785","post","type-post","status-publish","format-standard","has-post-thumbnail","","category-noticias-edulcorantes","category-cinta-de-noticias","category-locales","category-slide","category-ultimas-noticias","tag-siria-denuncia-energicamente-la-agresion-desatada-por-la-coalicion-anti-ei-contra-un-cuartel-del-ejercito-sirio-en-deir-ezzor"],"_links":{"self":[{"href":"https:\/\/archive.sana.sy\/es\/index.php?rest_route=\/wp\/v2\/posts\/34785"}],"collection":[{"href":"https:\/\/archive.sana.sy\/es\/index.php?rest_route=\/wp\/v2\/posts"}],"about":[{"href":"https:\/\/archive.sana.sy\/es\/index.php?rest_route=\/wp\/v2\/types\/post"}],"author":[{"embeddable":true,"href":"https:\/\/archive.sana.sy\/es\/index.php?rest_route=\/wp\/v2\/users\/1"}],"replies":[{"embeddable":true,"href":"https:\/\/archive.sana.sy\/es\/index.php?rest_route=%2Fwp%2Fv2%2Fcomments&post=34785"}],"version-history":[{"count":0,"href":"https:\/\/archive.sana.sy\/es\/index.php?rest_route=\/wp\/v2\/posts\/34785\/revisions"}],"wp:featuredmedia":[{"embeddable":true,"href":"https:\/\/archive.sana.sy\/es\/index.php?rest_route=\/wp\/v2\/media\/28499"}],"wp:attachment":[{"href":"https:\/\/archive.sana.sy\/es\/index.php?rest_route=%2Fwp%2Fv2%2Fmedia&parent=34785"}],"wp:term":[{"taxonomy":"category","embeddable":true,"href":"https:\/\/archive.sana.sy\/es\/index.php?rest_route=%2Fwp%2Fv2%2Fcategories&post=34785"},{"taxonomy":"post_tag","embeddable":true,"href":"https:\/\/archive.sana.sy\/es\/index.php?rest_route=%2Fwp%2Fv2%2Ftags&post=34785"}],"curies":[{"name":"wp","href":"https:\/\/api.w.org\/{rel}","templated":true}]}}