{"id":347906,"date":"2025-03-01T09:52:00","date_gmt":"2025-03-01T06:52:00","guid":{"rendered":"https:\/\/sana.sy\/es\/?p=347906"},"modified":"2025-03-01T09:52:00","modified_gmt":"2025-03-01T06:52:00","slug":"presidente-sirio-felicita-al-pueblo-por-ramadan","status":"publish","type":"post","link":"https:\/\/archive.sana.sy\/es\/?p=347906","title":{"rendered":"Presidente sirio felicita al pueblo por Ramad\u00e1n"},"content":{"rendered":"<p style=\"text-align: justify;\"><span style=\"color: #800000;\">Damasco, 1 marzo (SANA)<\/span> Ramad\u00e1n es el mes de la fraternidad y la tolerancia y es oportunidad para todos nosotros a unir las filas para la construcci\u00f3n de la Siria que so\u00f1amos, Una Siria en la que la libertad y la dignidad son derechos para todos sin excepci\u00f3n.<\/p>\n<p style=\"text-align: justify;\">El Presidente sirio Ahmad Al-Shara<\/p>\n<p style=\"text-align: justify;\">\n<p style=\"text-align: justify;\">\n","protected":false},"excerpt":{"rendered":"<p>Damasco, 1 marzo (SANA) Ramad\u00e1n es el mes de la fraternidad y la tolerancia y es oportunidad para todos nosotros a unir las filas para la construcci\u00f3n de la Siria que so\u00f1amos, Una Siria en la que la libertad y la dignidad son derechos para todos sin excepci\u00f3n. El Presidente sirio Ahmad Al-Shara<\/p>\n","protected":false},"author":32,"featured_media":347907,"comment_status":"closed","ping_status":"closed","sticky":false,"template":"","format":"standard","meta":{"footnotes":""},"categories":[477,597,20724,476,16237,583],"tags":[],"class_list":["post-347906","post","type-post","status-publish","format-standard","has-post-thumbnail","","category-noticias-edulcorantes","category-cinta-de-noticias","category-minuto-a-minuto","category-locales","category-presidence-de-la-republique-arabe-syria","category-slide"],"_links":{"self":[{"href":"https:\/\/archive.sana.sy\/es\/index.php?rest_route=\/wp\/v2\/posts\/347906"}],"collection":[{"href":"https:\/\/archive.sana.sy\/es\/index.php?rest_route=\/wp\/v2\/posts"}],"about":[{"href":"https:\/\/archive.sana.sy\/es\/index.php?rest_route=\/wp\/v2\/types\/post"}],"author":[{"embeddable":true,"href":"https:\/\/archive.sana.sy\/es\/index.php?rest_route=\/wp\/v2\/users\/32"}],"replies":[{"embeddable":true,"href":"https:\/\/archive.sana.sy\/es\/index.php?rest_route=%2Fwp%2Fv2%2Fcomments&post=347906"}],"version-history":[{"count":1,"href":"https:\/\/archive.sana.sy\/es\/index.php?rest_route=\/wp\/v2\/posts\/347906\/revisions"}],"predecessor-version":[{"id":347908,"href":"https:\/\/archive.sana.sy\/es\/index.php?rest_route=\/wp\/v2\/posts\/347906\/revisions\/347908"}],"wp:featuredmedia":[{"embeddable":true,"href":"https:\/\/archive.sana.sy\/es\/index.php?rest_route=\/wp\/v2\/media\/347907"}],"wp:attachment":[{"href":"https:\/\/archive.sana.sy\/es\/index.php?rest_route=%2Fwp%2Fv2%2Fmedia&parent=347906"}],"wp:term":[{"taxonomy":"category","embeddable":true,"href":"https:\/\/archive.sana.sy\/es\/index.php?rest_route=%2Fwp%2Fv2%2Fcategories&post=347906"},{"taxonomy":"post_tag","embeddable":true,"href":"https:\/\/archive.sana.sy\/es\/index.php?rest_route=%2Fwp%2Fv2%2Ftags&post=347906"}],"curies":[{"name":"wp","href":"https:\/\/api.w.org\/{rel}","templated":true}]}}