{"id":347925,"date":"2025-03-02T14:19:13","date_gmt":"2025-03-02T11:19:13","guid":{"rendered":"https:\/\/sana.sy\/es\/?p=347925"},"modified":"2025-03-02T19:18:25","modified_gmt":"2025-03-02T16:18:25","slug":"al-sharaa-recibe-mensaje-de-felicitacion-de-su-homologo-emirati-por-ramadan","status":"publish","type":"post","link":"https:\/\/archive.sana.sy\/es\/?p=347925","title":{"rendered":"Al-Sharaa recibe mensaje de felicitaci\u00f3n de su hom\u00f3logo emirat\u00ed por Ramad\u00e1n"},"content":{"rendered":"<p style=\"text-align: justify;\"><strong><span style=\"color: #800000;\">Damasco, 2 mar (SANA)\u00a0<\/span> \u00a0<\/strong>El presidente Ahmed Al-Sharaa recibi\u00f3 un mensaje de felicitaci\u00f3n del Jeque Mohamed bin Zayed Al Nahayan, presidente de los Emiratos \u00c1rabes Unidos, con motivo de la llegada del mes sagrado de Ramad\u00e1n.<\/p>\n<p style=\"text-align: justify;\">En su misiva, bin Zayed expres\u00f3 sus m\u00e1s c\u00e1lidas felicitaciones al presidente Al-Sharaa y sus deseos de buena salud y felicidad a los pueblos de la naci\u00f3n \u00e1rabe e isl\u00e1mica.<\/p>\n<p style=\"text-align: justify;\">Similares mensajes de felicitaci\u00f3n llegaron a Al-Sharaa de los reyes de Jordania y Marruecos.<\/p>\n<p style=\"text-align: justify;\">\n","protected":false},"excerpt":{"rendered":"<p>Damasco, 2 mar (SANA)\u00a0 \u00a0El presidente Ahmed Al-Sharaa recibi\u00f3 un mensaje de felicitaci\u00f3n del Jeque Mohamed bin Zayed Al Nahayan, presidente de los Emiratos \u00c1rabes Unidos, con motivo de la llegada del mes sagrado de Ramad\u00e1n. En su misiva, bin Zayed expres\u00f3 sus m\u00e1s c\u00e1lidas felicitaciones al presidente Al-Sharaa y sus deseos de buena salud &hellip;<\/p>\n","protected":false},"author":35,"featured_media":347927,"comment_status":"closed","ping_status":"closed","sticky":false,"template":"","format":"standard","meta":{"footnotes":""},"categories":[447,477,597,20724,476,467,583],"tags":[],"class_list":["post-347925","post","type-post","status-publish","format-standard","has-post-thumbnail","","category-local-politica","category-noticias-edulcorantes","category-cinta-de-noticias","category-minuto-a-minuto","category-locales","category-siria-y-el-mundo","category-slide"],"_links":{"self":[{"href":"https:\/\/archive.sana.sy\/es\/index.php?rest_route=\/wp\/v2\/posts\/347925"}],"collection":[{"href":"https:\/\/archive.sana.sy\/es\/index.php?rest_route=\/wp\/v2\/posts"}],"about":[{"href":"https:\/\/archive.sana.sy\/es\/index.php?rest_route=\/wp\/v2\/types\/post"}],"author":[{"embeddable":true,"href":"https:\/\/archive.sana.sy\/es\/index.php?rest_route=\/wp\/v2\/users\/35"}],"replies":[{"embeddable":true,"href":"https:\/\/archive.sana.sy\/es\/index.php?rest_route=%2Fwp%2Fv2%2Fcomments&post=347925"}],"version-history":[{"count":2,"href":"https:\/\/archive.sana.sy\/es\/index.php?rest_route=\/wp\/v2\/posts\/347925\/revisions"}],"predecessor-version":[{"id":347928,"href":"https:\/\/archive.sana.sy\/es\/index.php?rest_route=\/wp\/v2\/posts\/347925\/revisions\/347928"}],"wp:featuredmedia":[{"embeddable":true,"href":"https:\/\/archive.sana.sy\/es\/index.php?rest_route=\/wp\/v2\/media\/347927"}],"wp:attachment":[{"href":"https:\/\/archive.sana.sy\/es\/index.php?rest_route=%2Fwp%2Fv2%2Fmedia&parent=347925"}],"wp:term":[{"taxonomy":"category","embeddable":true,"href":"https:\/\/archive.sana.sy\/es\/index.php?rest_route=%2Fwp%2Fv2%2Fcategories&post=347925"},{"taxonomy":"post_tag","embeddable":true,"href":"https:\/\/archive.sana.sy\/es\/index.php?rest_route=%2Fwp%2Fv2%2Ftags&post=347925"}],"curies":[{"name":"wp","href":"https:\/\/api.w.org\/{rel}","templated":true}]}}