{"id":34793,"date":"2015-12-07T19:03:23","date_gmt":"2015-12-07T17:03:23","guid":{"rendered":"http:\/\/sana.sy\/es\/?p=34793"},"modified":"2015-12-07T19:03:23","modified_gmt":"2015-12-07T17:03:23","slug":"pyongyang-culpa-a-eeuu-por-el-surgimiento-del-eiil","status":"publish","type":"post","link":"https:\/\/archive.sana.sy\/es\/?p=34793","title":{"rendered":"Pyongyang culpa a EEUU por el surgimiento del EIIL"},"content":{"rendered":"<p>Pyongyang-SANA<\/p>\n<p>El Ministerio de Exteriores de Corea del Norte ha anunciado que los EE.UU. es el responsable del surgimiento del DAESH.<\/p>\n<p>El portavoz del ministerio, Ri Hung Sik ha afirmado que el derribo del avi\u00f3n de combate Sujoi su-24 ruso tiene como objetivo obstaculizar la cooperaci\u00f3n de la comunidad internacional en la lucha contra el terrorismo por tanto lograr su hegemon\u00eda en la regi\u00f3n de Oriente Medio.<br \/>\n\u00a8Hay que castigar a los EE.UU. por ser el responsable del agravamiento de la situaci\u00f3n en Siria\u00a8, ha dejado claro Hung Sik.<\/p>\n<p>Al respecto, ha declarado que las pol\u00edticas de Washington est\u00e1n destinadas a &#8220;contribuir a enfrentamientos \u00e9tnicos y religiosos en Oriente Medio para hacer de esta regi\u00f3n la arena del terrorismo&#8221;.<\/p>\n<p>Asimismo, ha asegurado que Pyongyang se opone a cualquier forma de terrorismo, y rechaza la utilizaci\u00f3n del terrorismo fin de alcanzar sus \u201csiniestros objetivos pol\u00edticos\u201d.<\/p>\n<p>Yamil K.<\/p>\n","protected":false},"excerpt":{"rendered":"<p>Pyongyang-SANA El Ministerio de Exteriores de Corea del Norte ha anunciado que los EE.UU. es el responsable del surgimiento del DAESH. El portavoz del ministerio, Ri Hung Sik ha afirmado que el derribo del avi\u00f3n de combate Sujoi su-24 ruso tiene como objetivo obstaculizar la cooperaci\u00f3n de la comunidad internacional en la lucha contra el &hellip;<\/p>\n","protected":false},"author":1,"featured_media":34794,"comment_status":"closed","ping_status":"closed","sticky":false,"template":"","format":"standard","meta":{"footnotes":""},"categories":[456,457,576,7541],"tags":[],"class_list":["post-34793","post","type-post","status-publish","format-standard","has-post-thumbnail","","category-arabe-internacional-politica","category-noticias-arabe-internacional-politica","category-noticias-politicas","category-ultimas-noticias"],"_links":{"self":[{"href":"https:\/\/archive.sana.sy\/es\/index.php?rest_route=\/wp\/v2\/posts\/34793"}],"collection":[{"href":"https:\/\/archive.sana.sy\/es\/index.php?rest_route=\/wp\/v2\/posts"}],"about":[{"href":"https:\/\/archive.sana.sy\/es\/index.php?rest_route=\/wp\/v2\/types\/post"}],"author":[{"embeddable":true,"href":"https:\/\/archive.sana.sy\/es\/index.php?rest_route=\/wp\/v2\/users\/1"}],"replies":[{"embeddable":true,"href":"https:\/\/archive.sana.sy\/es\/index.php?rest_route=%2Fwp%2Fv2%2Fcomments&post=34793"}],"version-history":[{"count":0,"href":"https:\/\/archive.sana.sy\/es\/index.php?rest_route=\/wp\/v2\/posts\/34793\/revisions"}],"wp:featuredmedia":[{"embeddable":true,"href":"https:\/\/archive.sana.sy\/es\/index.php?rest_route=\/wp\/v2\/media\/34794"}],"wp:attachment":[{"href":"https:\/\/archive.sana.sy\/es\/index.php?rest_route=%2Fwp%2Fv2%2Fmedia&parent=34793"}],"wp:term":[{"taxonomy":"category","embeddable":true,"href":"https:\/\/archive.sana.sy\/es\/index.php?rest_route=%2Fwp%2Fv2%2Fcategories&post=34793"},{"taxonomy":"post_tag","embeddable":true,"href":"https:\/\/archive.sana.sy\/es\/index.php?rest_route=%2Fwp%2Fv2%2Ftags&post=34793"}],"curies":[{"name":"wp","href":"https:\/\/api.w.org\/{rel}","templated":true}]}}