{"id":347938,"date":"2025-03-02T16:16:34","date_gmt":"2025-03-02T13:16:34","guid":{"rendered":"https:\/\/sana.sy\/es\/?p=347938"},"modified":"2025-03-02T16:16:34","modified_gmt":"2025-03-02T13:16:34","slug":"sultan-de-oman-felicita-al-presidente-sirio-por-el-ramadan","status":"publish","type":"post","link":"https:\/\/archive.sana.sy\/es\/?p=347938","title":{"rendered":"Sult\u00e1n de Om\u00e1n felicita al presidente sirio por el Ramad\u00e1n"},"content":{"rendered":"<p style=\"text-align: justify;\"><span style=\"color: #800000;\"><strong>Damasco, 2 mar (SANA) \u00a0\u00a0<\/strong><\/span>El presidente sirio Ahmed Al-Shara, recibi\u00f3 un mensaje de felicitaci\u00f3n de sult\u00e1n de Om\u00e1n, Haitham bin Tariq, con motivo de la llegada del mes del Ramad\u00e1n (Sagrado mes del ayuno musulm\u00e1n).<\/p>\n<p style=\"text-align: justify;\">Ramad\u00e1n es el mes de misericordia, perd\u00f3n y bondad para todos los musulmanes del mundo, y en el que las buenas acciones se multipliquen y los pecados son perdonados\u201d, afirm\u00f3 el Sult\u00e1n en su mensaje.<\/p>\n","protected":false},"excerpt":{"rendered":"<p>Damasco, 2 mar (SANA) \u00a0\u00a0El presidente sirio Ahmed Al-Shara, recibi\u00f3 un mensaje de felicitaci\u00f3n de sult\u00e1n de Om\u00e1n, Haitham bin Tariq, con motivo de la llegada del mes del Ramad\u00e1n (Sagrado mes del ayuno musulm\u00e1n). Ramad\u00e1n es el mes de misericordia, perd\u00f3n y bondad para todos los musulmanes del mundo, y en el que las &hellip;<\/p>\n","protected":false},"author":34,"featured_media":347939,"comment_status":"closed","ping_status":"closed","sticky":false,"template":"","format":"standard","meta":{"footnotes":""},"categories":[447,597,20724,467,583],"tags":[],"class_list":["post-347938","post","type-post","status-publish","format-standard","has-post-thumbnail","","category-local-politica","category-cinta-de-noticias","category-minuto-a-minuto","category-siria-y-el-mundo","category-slide"],"_links":{"self":[{"href":"https:\/\/archive.sana.sy\/es\/index.php?rest_route=\/wp\/v2\/posts\/347938"}],"collection":[{"href":"https:\/\/archive.sana.sy\/es\/index.php?rest_route=\/wp\/v2\/posts"}],"about":[{"href":"https:\/\/archive.sana.sy\/es\/index.php?rest_route=\/wp\/v2\/types\/post"}],"author":[{"embeddable":true,"href":"https:\/\/archive.sana.sy\/es\/index.php?rest_route=\/wp\/v2\/users\/34"}],"replies":[{"embeddable":true,"href":"https:\/\/archive.sana.sy\/es\/index.php?rest_route=%2Fwp%2Fv2%2Fcomments&post=347938"}],"version-history":[{"count":1,"href":"https:\/\/archive.sana.sy\/es\/index.php?rest_route=\/wp\/v2\/posts\/347938\/revisions"}],"predecessor-version":[{"id":347940,"href":"https:\/\/archive.sana.sy\/es\/index.php?rest_route=\/wp\/v2\/posts\/347938\/revisions\/347940"}],"wp:featuredmedia":[{"embeddable":true,"href":"https:\/\/archive.sana.sy\/es\/index.php?rest_route=\/wp\/v2\/media\/347939"}],"wp:attachment":[{"href":"https:\/\/archive.sana.sy\/es\/index.php?rest_route=%2Fwp%2Fv2%2Fmedia&parent=347938"}],"wp:term":[{"taxonomy":"category","embeddable":true,"href":"https:\/\/archive.sana.sy\/es\/index.php?rest_route=%2Fwp%2Fv2%2Fcategories&post=347938"},{"taxonomy":"post_tag","embeddable":true,"href":"https:\/\/archive.sana.sy\/es\/index.php?rest_route=%2Fwp%2Fv2%2Ftags&post=347938"}],"curies":[{"name":"wp","href":"https:\/\/api.w.org\/{rel}","templated":true}]}}