{"id":347941,"date":"2025-03-02T19:18:00","date_gmt":"2025-03-02T16:18:00","guid":{"rendered":"https:\/\/sana.sy\/es\/?p=347941"},"modified":"2025-03-02T19:18:00","modified_gmt":"2025-03-02T16:18:00","slug":"ministerio-de-salud-estudia-con-centro-rey-salman-y-cicr-las-formas-de-fortalecer-la-cooperacion-sanitaria","status":"publish","type":"post","link":"https:\/\/archive.sana.sy\/es\/?p=347941","title":{"rendered":"Ministerio de Salud estudia con Centro Rey Salman y CICR las formas de fortalecer la cooperaci\u00f3n sanitaria"},"content":{"rendered":"<p style=\"text-align: justify;\"><span style=\"color: #800000;\"><strong>Damasco, 02 mar (SANA)\u00a0<\/strong><\/span> El Director de Planificaci\u00f3n y Cooperaci\u00f3n Internacional del Ministerio de Salud, Zuheir Qarat, abord\u00f3 con una delegaci\u00f3n del Centro Rey Salman de Ayuda y Socorro Humanitario, encabezado por Suleiman bin Ahmed Al-Tashree, las formas de mejorar la cooperaci\u00f3n sanitaria conjunta.<\/p>\n<p style=\"text-align: justify;\">Los participantes en la reuni\u00f3n celebrada en la sede del Ministerio en Damasco estudiaron las necesidades del sector de salud y la garantiza de dispositivos y equipos m\u00e9dicos.<\/p>\n<p style=\"text-align: justify;\">Tambi\u00e9n examinaron el mecanismo para garantizar suministros para pacientes de di\u00e1lisis renal y el establecimiento de nuevos centros de salud, adem\u00e1s de activar el sistema de ambulancias.<\/p>\n<p style=\"text-align: justify;\">Asimismo, Qarat abord\u00f3 con el jefe de la delegaci\u00f3n del Comit\u00e9 Internacional de la Cruz Roja en Siria, Stephane Saklian, y la delegaci\u00f3n acompa\u00f1ante, las formas de mejorar la cooperaci\u00f3n conjunta en el campo sanitario y la realidad de los servicios m\u00e9dicos prestados en Siria.<\/p>\n<p style=\"text-align: justify;\">Los dos lados estudiaron la reconstrucci\u00f3n de hospitales destruidos y la capacitaci\u00f3n del personal de la salud, entre otros temas. \u200f<\/p>\n","protected":false},"excerpt":{"rendered":"<p>Damasco, 02 mar (SANA)\u00a0 El Director de Planificaci\u00f3n y Cooperaci\u00f3n Internacional del Ministerio de Salud, Zuheir Qarat, abord\u00f3 con una delegaci\u00f3n del Centro Rey Salman de Ayuda y Socorro Humanitario, encabezado por Suleiman bin Ahmed Al-Tashree, las formas de mejorar la cooperaci\u00f3n sanitaria conjunta. Los participantes en la reuni\u00f3n celebrada en la sede del Ministerio &hellip;<\/p>\n","protected":false},"author":31,"featured_media":347942,"comment_status":"closed","ping_status":"closed","sticky":false,"template":"","format":"standard","meta":{"footnotes":""},"categories":[597,476,7541],"tags":[],"class_list":["post-347941","post","type-post","status-publish","format-standard","has-post-thumbnail","","category-cinta-de-noticias","category-locales","category-ultimas-noticias"],"_links":{"self":[{"href":"https:\/\/archive.sana.sy\/es\/index.php?rest_route=\/wp\/v2\/posts\/347941"}],"collection":[{"href":"https:\/\/archive.sana.sy\/es\/index.php?rest_route=\/wp\/v2\/posts"}],"about":[{"href":"https:\/\/archive.sana.sy\/es\/index.php?rest_route=\/wp\/v2\/types\/post"}],"author":[{"embeddable":true,"href":"https:\/\/archive.sana.sy\/es\/index.php?rest_route=\/wp\/v2\/users\/31"}],"replies":[{"embeddable":true,"href":"https:\/\/archive.sana.sy\/es\/index.php?rest_route=%2Fwp%2Fv2%2Fcomments&post=347941"}],"version-history":[{"count":1,"href":"https:\/\/archive.sana.sy\/es\/index.php?rest_route=\/wp\/v2\/posts\/347941\/revisions"}],"predecessor-version":[{"id":347943,"href":"https:\/\/archive.sana.sy\/es\/index.php?rest_route=\/wp\/v2\/posts\/347941\/revisions\/347943"}],"wp:featuredmedia":[{"embeddable":true,"href":"https:\/\/archive.sana.sy\/es\/index.php?rest_route=\/wp\/v2\/media\/347942"}],"wp:attachment":[{"href":"https:\/\/archive.sana.sy\/es\/index.php?rest_route=%2Fwp%2Fv2%2Fmedia&parent=347941"}],"wp:term":[{"taxonomy":"category","embeddable":true,"href":"https:\/\/archive.sana.sy\/es\/index.php?rest_route=%2Fwp%2Fv2%2Fcategories&post=347941"},{"taxonomy":"post_tag","embeddable":true,"href":"https:\/\/archive.sana.sy\/es\/index.php?rest_route=%2Fwp%2Fv2%2Ftags&post=347941"}],"curies":[{"name":"wp","href":"https:\/\/api.w.org\/{rel}","templated":true}]}}