{"id":347950,"date":"2025-03-02T20:16:55","date_gmt":"2025-03-02T17:16:55","guid":{"rendered":"https:\/\/sana.sy\/es\/?p=347950"},"modified":"2025-03-02T20:16:55","modified_gmt":"2025-03-02T17:16:55","slug":"al-sharaa-recibe-mensaje-de-felicitacion-del-vicepresidente-de-eau-por-ramadan","status":"publish","type":"post","link":"https:\/\/archive.sana.sy\/es\/?p=347950","title":{"rendered":"Al-Sharaa recibe mensaje de felicitaci\u00f3n del vicepresidente de EAU por Ramad\u00e1n"},"content":{"rendered":"<p style=\"text-align: justify;\"><span style=\"color: #800000;\"><strong>Damasco, 02 mar (SANA)\u00a0<\/strong><\/span> \u00a0El presidente sirio Ahmed Al-Sharaa, recibi\u00f3 un mensaje de felicitaci\u00f3n del Jeque Mohammed bin Rashid Al Maktoum, Vicepresidente y Primer Ministro de los Emiratos \u00c1rabes Unidos y Gobernante de Dubai, con motivo del mes del Ramad\u00e1n (Sagrado mes del ayuno musulm\u00e1n).<\/p>\n<p style=\"text-align: justify;\">En su mensaje, Mohammed bin Rashid expres\u00f3 sus m\u00e1s c\u00e1lidas felicitaciones al presidente Al-Sharaa y sus deseos de buena salud y felicidad a los pueblos de la naci\u00f3n \u00e1rabe e isl\u00e1mica.<\/p>\n","protected":false},"excerpt":{"rendered":"<p>Damasco, 02 mar (SANA)\u00a0 \u00a0El presidente sirio Ahmed Al-Sharaa, recibi\u00f3 un mensaje de felicitaci\u00f3n del Jeque Mohammed bin Rashid Al Maktoum, Vicepresidente y Primer Ministro de los Emiratos \u00c1rabes Unidos y Gobernante de Dubai, con motivo del mes del Ramad\u00e1n (Sagrado mes del ayuno musulm\u00e1n). En su mensaje, Mohammed bin Rashid expres\u00f3 sus m\u00e1s c\u00e1lidas &hellip;<\/p>\n","protected":false},"author":31,"featured_media":347951,"comment_status":"closed","ping_status":"closed","sticky":false,"template":"","format":"standard","meta":{"footnotes":""},"categories":[597,476,7541],"tags":[],"class_list":["post-347950","post","type-post","status-publish","format-standard","has-post-thumbnail","","category-cinta-de-noticias","category-locales","category-ultimas-noticias"],"_links":{"self":[{"href":"https:\/\/archive.sana.sy\/es\/index.php?rest_route=\/wp\/v2\/posts\/347950"}],"collection":[{"href":"https:\/\/archive.sana.sy\/es\/index.php?rest_route=\/wp\/v2\/posts"}],"about":[{"href":"https:\/\/archive.sana.sy\/es\/index.php?rest_route=\/wp\/v2\/types\/post"}],"author":[{"embeddable":true,"href":"https:\/\/archive.sana.sy\/es\/index.php?rest_route=\/wp\/v2\/users\/31"}],"replies":[{"embeddable":true,"href":"https:\/\/archive.sana.sy\/es\/index.php?rest_route=%2Fwp%2Fv2%2Fcomments&post=347950"}],"version-history":[{"count":1,"href":"https:\/\/archive.sana.sy\/es\/index.php?rest_route=\/wp\/v2\/posts\/347950\/revisions"}],"predecessor-version":[{"id":347952,"href":"https:\/\/archive.sana.sy\/es\/index.php?rest_route=\/wp\/v2\/posts\/347950\/revisions\/347952"}],"wp:featuredmedia":[{"embeddable":true,"href":"https:\/\/archive.sana.sy\/es\/index.php?rest_route=\/wp\/v2\/media\/347951"}],"wp:attachment":[{"href":"https:\/\/archive.sana.sy\/es\/index.php?rest_route=%2Fwp%2Fv2%2Fmedia&parent=347950"}],"wp:term":[{"taxonomy":"category","embeddable":true,"href":"https:\/\/archive.sana.sy\/es\/index.php?rest_route=%2Fwp%2Fv2%2Fcategories&post=347950"},{"taxonomy":"post_tag","embeddable":true,"href":"https:\/\/archive.sana.sy\/es\/index.php?rest_route=%2Fwp%2Fv2%2Ftags&post=347950"}],"curies":[{"name":"wp","href":"https:\/\/api.w.org\/{rel}","templated":true}]}}