{"id":347956,"date":"2025-03-03T08:26:15","date_gmt":"2025-03-03T05:26:15","guid":{"rendered":"https:\/\/sana.sy\/es\/?p=347956"},"modified":"2025-03-03T08:28:47","modified_gmt":"2025-03-03T05:28:47","slug":"presidente-sirio-recibe-felicitacion-de-su-par-argelino-por-el-ramadan","status":"publish","type":"post","link":"https:\/\/archive.sana.sy\/es\/?p=347956","title":{"rendered":"Presidente sirio recibe felicitaci\u00f3n de su par argelino por el Ramad\u00e1n"},"content":{"rendered":"<p style=\"text-align: justify;\"><span style=\"color: #800000;\"><strong>Damasco, 3 mar (SANA)\u00a0<\/strong> <\/span>El presidente sirio Ahmed Al-Shara recibi\u00f3 un mensaje de felicitaci\u00f3n de Abdelmadjid Tebboune, el presidente de la Rep\u00fablica Argelina Democr\u00e1tica y Popular, con motivo del mes sagrado del Ramad\u00e1n, mes del ayuno musulm\u00e1n.<\/p>\n<p style=\"text-align: justify;\">En su misiva, el presidente Tebboune expres\u00f3 sus sinceras felicitaciones y bendiciones a Al-Shara con motivo del Ramad\u00e1n y le dese\u00f3 \u00e9xito.<\/p>\n","protected":false},"excerpt":{"rendered":"<p>Damasco, 3 mar (SANA)\u00a0 El presidente sirio Ahmed Al-Shara recibi\u00f3 un mensaje de felicitaci\u00f3n de Abdelmadjid Tebboune, el presidente de la Rep\u00fablica Argelina Democr\u00e1tica y Popular, con motivo del mes sagrado del Ramad\u00e1n, mes del ayuno musulm\u00e1n. En su misiva, el presidente Tebboune expres\u00f3 sus sinceras felicitaciones y bendiciones a Al-Shara con motivo del Ramad\u00e1n &hellip;<\/p>\n","protected":false},"author":34,"featured_media":347957,"comment_status":"closed","ping_status":"closed","sticky":false,"template":"","format":"standard","meta":{"footnotes":""},"categories":[477,447,597,20724,476,583],"tags":[],"class_list":["post-347956","post","type-post","status-publish","format-standard","has-post-thumbnail","","category-noticias-edulcorantes","category-local-politica","category-cinta-de-noticias","category-minuto-a-minuto","category-locales","category-slide"],"_links":{"self":[{"href":"https:\/\/archive.sana.sy\/es\/index.php?rest_route=\/wp\/v2\/posts\/347956"}],"collection":[{"href":"https:\/\/archive.sana.sy\/es\/index.php?rest_route=\/wp\/v2\/posts"}],"about":[{"href":"https:\/\/archive.sana.sy\/es\/index.php?rest_route=\/wp\/v2\/types\/post"}],"author":[{"embeddable":true,"href":"https:\/\/archive.sana.sy\/es\/index.php?rest_route=\/wp\/v2\/users\/34"}],"replies":[{"embeddable":true,"href":"https:\/\/archive.sana.sy\/es\/index.php?rest_route=%2Fwp%2Fv2%2Fcomments&post=347956"}],"version-history":[{"count":2,"href":"https:\/\/archive.sana.sy\/es\/index.php?rest_route=\/wp\/v2\/posts\/347956\/revisions"}],"predecessor-version":[{"id":347963,"href":"https:\/\/archive.sana.sy\/es\/index.php?rest_route=\/wp\/v2\/posts\/347956\/revisions\/347963"}],"wp:featuredmedia":[{"embeddable":true,"href":"https:\/\/archive.sana.sy\/es\/index.php?rest_route=\/wp\/v2\/media\/347957"}],"wp:attachment":[{"href":"https:\/\/archive.sana.sy\/es\/index.php?rest_route=%2Fwp%2Fv2%2Fmedia&parent=347956"}],"wp:term":[{"taxonomy":"category","embeddable":true,"href":"https:\/\/archive.sana.sy\/es\/index.php?rest_route=%2Fwp%2Fv2%2Fcategories&post=347956"},{"taxonomy":"post_tag","embeddable":true,"href":"https:\/\/archive.sana.sy\/es\/index.php?rest_route=%2Fwp%2Fv2%2Ftags&post=347956"}],"curies":[{"name":"wp","href":"https:\/\/api.w.org\/{rel}","templated":true}]}}