{"id":34796,"date":"2015-12-08T11:50:47","date_gmt":"2015-12-08T09:50:47","guid":{"rendered":"http:\/\/sana.sy\/es\/?p=34796"},"modified":"2015-12-08T16:20:13","modified_gmt":"2015-12-08T14:20:13","slug":"abdollahian-reunion-de-viena-es-paso-positivo-en-el-camino-hacia-la-solucion-de-la-crisis-en-siria","status":"publish","type":"post","link":"https:\/\/archive.sana.sy\/es\/?p=34796","title":{"rendered":"Abdollahian: Reuni\u00f3n de Viena es paso positivo en el camino hacia la soluci\u00f3n de la crisis en Siria"},"content":{"rendered":"<p><span style=\"color: #800000\">Teher\u00e1n, SANA<\/span><\/p>\n<p>El Viceministro de Exteriores iran\u00ed para Asuntos \u00c1rabes y Africanos, Hossein Amir Abdollahian, afirm\u00f3 que la Reuni\u00f3n de Viena sobre Siria constituye un paso positivo en el camino hacia la soluci\u00f3n de la crisis en Siria.<\/p>\n<p>La afirmaci\u00f3n del alto funcionario iran\u00ed se produjo durante su discurso pronunciado ante los embajadores extranjeros acreditados en Teher\u00e1n, con la participaci\u00f3n del Embajador de Siria, Adnan Mahmud.<\/p>\n<p>Abdollahian dijo que &#8220;los esfuerzos encaminados a resolver la crisis en Siria puedan alcanzar los resultados deseados si se toma en cuenta la realidad de los hechos en Siria y la regi\u00f3n, y que conduzcan a reforzar la lucha contra el terrorismo paralelamente con el progreso en la soluci\u00f3n pol\u00edtica&#8221;.<\/p>\n<p>El vicecanciller iran\u00ed reiter\u00f3 que su pa\u00eds acoge bien todos los esfuerzos positivos desempe\u00f1ados por los diferentes actores internacionales para resolver la crisis en Siria en el marco del respeto a la soberan\u00eda de Siria, haciendo hincapi\u00e9 en que el pueblo sirio decidir\u00e1 su propio destino.<\/p>\n<p>Fady M., Hala B.<\/p>\n","protected":false},"excerpt":{"rendered":"<p>Teher\u00e1n, SANA El Viceministro de Exteriores iran\u00ed para Asuntos \u00c1rabes y Africanos, Hossein Amir Abdollahian, afirm\u00f3 que la Reuni\u00f3n de Viena sobre Siria constituye un paso positivo en el camino hacia la soluci\u00f3n de la crisis en Siria. La afirmaci\u00f3n del alto funcionario iran\u00ed se produjo durante su discurso pronunciado ante los embajadores extranjeros acreditados &hellip;<\/p>\n","protected":false},"author":1,"featured_media":34797,"comment_status":"closed","ping_status":"closed","sticky":false,"template":"","format":"standard","meta":{"footnotes":""},"categories":[456,457,576,7541],"tags":[7550],"class_list":["post-34796","post","type-post","status-publish","format-standard","has-post-thumbnail","","category-arabe-internacional-politica","category-noticias-arabe-internacional-politica","category-noticias-politicas","category-ultimas-noticias","tag-abdollahian-reunion-de-viena-es-paso-positivo-en-el-camino-hacia-la-solucion-de-la-crisis-en-siria"],"_links":{"self":[{"href":"https:\/\/archive.sana.sy\/es\/index.php?rest_route=\/wp\/v2\/posts\/34796"}],"collection":[{"href":"https:\/\/archive.sana.sy\/es\/index.php?rest_route=\/wp\/v2\/posts"}],"about":[{"href":"https:\/\/archive.sana.sy\/es\/index.php?rest_route=\/wp\/v2\/types\/post"}],"author":[{"embeddable":true,"href":"https:\/\/archive.sana.sy\/es\/index.php?rest_route=\/wp\/v2\/users\/1"}],"replies":[{"embeddable":true,"href":"https:\/\/archive.sana.sy\/es\/index.php?rest_route=%2Fwp%2Fv2%2Fcomments&post=34796"}],"version-history":[{"count":0,"href":"https:\/\/archive.sana.sy\/es\/index.php?rest_route=\/wp\/v2\/posts\/34796\/revisions"}],"wp:featuredmedia":[{"embeddable":true,"href":"https:\/\/archive.sana.sy\/es\/index.php?rest_route=\/wp\/v2\/media\/34797"}],"wp:attachment":[{"href":"https:\/\/archive.sana.sy\/es\/index.php?rest_route=%2Fwp%2Fv2%2Fmedia&parent=34796"}],"wp:term":[{"taxonomy":"category","embeddable":true,"href":"https:\/\/archive.sana.sy\/es\/index.php?rest_route=%2Fwp%2Fv2%2Fcategories&post=34796"},{"taxonomy":"post_tag","embeddable":true,"href":"https:\/\/archive.sana.sy\/es\/index.php?rest_route=%2Fwp%2Fv2%2Ftags&post=34796"}],"curies":[{"name":"wp","href":"https:\/\/api.w.org\/{rel}","templated":true}]}}