{"id":347960,"date":"2025-03-03T08:28:22","date_gmt":"2025-03-03T05:28:22","guid":{"rendered":"https:\/\/sana.sy\/es\/?p=347960"},"modified":"2025-03-03T08:28:22","modified_gmt":"2025-03-03T05:28:22","slug":"siria-y-turkiye-abordan-cooperacion-en-el-sector-de-transporte","status":"publish","type":"post","link":"https:\/\/archive.sana.sy\/es\/?p=347960","title":{"rendered":"Siria y Turkiye abordan cooperaci\u00f3n en el sector de transporte"},"content":{"rendered":"<p style=\"text-align: justify;\"><span style=\"color: #800000;\"><strong>Damasco, 3 mar (SANA)\u00a0<\/strong><\/span> El ministro sirio de Transporte, Baha El-Din El-Sharm, mantuvo una conversaci\u00f3n telef\u00f3nica con su hom\u00f3logo turco, Abdulkadir Oraloglu.<\/p>\n<p style=\"text-align: justify;\">Los dos ministros repasaron la situaci\u00f3n del transporte en los dos pa\u00edses y la posibilidad de activar el transporte en todos los sectores.<\/p>\n<p style=\"text-align: justify;\">Llamaron a intercambiar visitas y trabajar en proyectos estrat\u00e9gicos entre Siria y Turkiye en la pr\u00f3xima fase.<\/p>\n","protected":false},"excerpt":{"rendered":"<p>Damasco, 3 mar (SANA)\u00a0 El ministro sirio de Transporte, Baha El-Din El-Sharm, mantuvo una conversaci\u00f3n telef\u00f3nica con su hom\u00f3logo turco, Abdulkadir Oraloglu. Los dos ministros repasaron la situaci\u00f3n del transporte en los dos pa\u00edses y la posibilidad de activar el transporte en todos los sectores. Llamaron a intercambiar visitas y trabajar en proyectos estrat\u00e9gicos entre &hellip;<\/p>\n","protected":false},"author":34,"featured_media":347961,"comment_status":"closed","ping_status":"closed","sticky":false,"template":"","format":"standard","meta":{"footnotes":""},"categories":[447,597,20724,467,7541],"tags":[],"class_list":["post-347960","post","type-post","status-publish","format-standard","has-post-thumbnail","","category-local-politica","category-cinta-de-noticias","category-minuto-a-minuto","category-siria-y-el-mundo","category-ultimas-noticias"],"_links":{"self":[{"href":"https:\/\/archive.sana.sy\/es\/index.php?rest_route=\/wp\/v2\/posts\/347960"}],"collection":[{"href":"https:\/\/archive.sana.sy\/es\/index.php?rest_route=\/wp\/v2\/posts"}],"about":[{"href":"https:\/\/archive.sana.sy\/es\/index.php?rest_route=\/wp\/v2\/types\/post"}],"author":[{"embeddable":true,"href":"https:\/\/archive.sana.sy\/es\/index.php?rest_route=\/wp\/v2\/users\/34"}],"replies":[{"embeddable":true,"href":"https:\/\/archive.sana.sy\/es\/index.php?rest_route=%2Fwp%2Fv2%2Fcomments&post=347960"}],"version-history":[{"count":1,"href":"https:\/\/archive.sana.sy\/es\/index.php?rest_route=\/wp\/v2\/posts\/347960\/revisions"}],"predecessor-version":[{"id":347962,"href":"https:\/\/archive.sana.sy\/es\/index.php?rest_route=\/wp\/v2\/posts\/347960\/revisions\/347962"}],"wp:featuredmedia":[{"embeddable":true,"href":"https:\/\/archive.sana.sy\/es\/index.php?rest_route=\/wp\/v2\/media\/347961"}],"wp:attachment":[{"href":"https:\/\/archive.sana.sy\/es\/index.php?rest_route=%2Fwp%2Fv2%2Fmedia&parent=347960"}],"wp:term":[{"taxonomy":"category","embeddable":true,"href":"https:\/\/archive.sana.sy\/es\/index.php?rest_route=%2Fwp%2Fv2%2Fcategories&post=347960"},{"taxonomy":"post_tag","embeddable":true,"href":"https:\/\/archive.sana.sy\/es\/index.php?rest_route=%2Fwp%2Fv2%2Ftags&post=347960"}],"curies":[{"name":"wp","href":"https:\/\/api.w.org\/{rel}","templated":true}]}}