{"id":3480,"date":"2014-06-25T12:38:08","date_gmt":"2014-06-25T09:38:08","guid":{"rendered":"http:\/\/www.sana.sy\/es\/?p=3480"},"modified":"2014-06-25T12:38:08","modified_gmt":"2014-06-25T09:38:08","slug":"franyieh-siria-saldra-victoriosa-de-su-crisis","status":"publish","type":"post","link":"https:\/\/archive.sana.sy\/es\/?p=3480","title":{"rendered":"Franyieh: Siria saldr\u00e1 victoriosa de su crisis"},"content":{"rendered":"<p><em><strong>Beirut, SANA<\/strong><\/em><\/p>\n<p><strong>El jefe de la corriente &#8220;al-Marada&#8221; en el L\u00edbano, el diputado Suleiman Franyieh, reiter\u00f3 su compromiso con la resistencia y el arabismo, y su fe en la justicia de la causa palestina, as\u00ed como reafirm\u00f3 que Siria saldr\u00e1 inevitablemente victoriosa de su crisis.<\/strong><\/p>\n<p><strong>En una entrevista con el canal liban\u00e9s (OTV), Franyieh dijo que &#8220;la Alianza del o de Marzo en el L\u00edbano son aliados de Siria y siguen el mismo proyecto pol\u00edtico de la misma, y tambi\u00e9n tiene fe y confianza en la victoria de Siria sobre sus enemigos.<\/strong><\/p>\n<p><strong>El diputado liban\u00e9s hizo hincapi\u00e9 en la necesidad de frenar el ataque terrorista y Takfirista que se extiende por los estados de la regi\u00f3n, y advirti\u00f3 que el objetivo de este ataque es dividir geogr\u00e1ficamente la regi\u00f3n.<\/strong><\/p>\n<p><em><strong>Fady M., Hala B.<\/strong><\/em><\/p>\n","protected":false},"excerpt":{"rendered":"<p>Beirut, SANA El jefe de la corriente &#8220;al-Marada&#8221; en el L\u00edbano, el diputado Suleiman Franyieh, reiter\u00f3 su compromiso con la resistencia y el arabismo, y su fe en la justicia de la causa palestina, as\u00ed como reafirm\u00f3 que Siria saldr\u00e1 inevitablemente victoriosa de su crisis. En una entrevista con el canal liban\u00e9s (OTV), Franyieh dijo &hellip;<\/p>\n","protected":false},"author":1,"featured_media":3481,"comment_status":"closed","ping_status":"closed","sticky":false,"template":"","format":"standard","meta":{"footnotes":""},"categories":[456,576],"tags":[810],"class_list":["post-3480","post","type-post","status-publish","format-standard","has-post-thumbnail","","category-arabe-internacional-politica","category-noticias-politicas","tag-franyieh-siria-saldra-victoriosa-de-su-crisis"],"_links":{"self":[{"href":"https:\/\/archive.sana.sy\/es\/index.php?rest_route=\/wp\/v2\/posts\/3480"}],"collection":[{"href":"https:\/\/archive.sana.sy\/es\/index.php?rest_route=\/wp\/v2\/posts"}],"about":[{"href":"https:\/\/archive.sana.sy\/es\/index.php?rest_route=\/wp\/v2\/types\/post"}],"author":[{"embeddable":true,"href":"https:\/\/archive.sana.sy\/es\/index.php?rest_route=\/wp\/v2\/users\/1"}],"replies":[{"embeddable":true,"href":"https:\/\/archive.sana.sy\/es\/index.php?rest_route=%2Fwp%2Fv2%2Fcomments&post=3480"}],"version-history":[{"count":0,"href":"https:\/\/archive.sana.sy\/es\/index.php?rest_route=\/wp\/v2\/posts\/3480\/revisions"}],"wp:featuredmedia":[{"embeddable":true,"href":"https:\/\/archive.sana.sy\/es\/index.php?rest_route=\/wp\/v2\/media\/3481"}],"wp:attachment":[{"href":"https:\/\/archive.sana.sy\/es\/index.php?rest_route=%2Fwp%2Fv2%2Fmedia&parent=3480"}],"wp:term":[{"taxonomy":"category","embeddable":true,"href":"https:\/\/archive.sana.sy\/es\/index.php?rest_route=%2Fwp%2Fv2%2Fcategories&post=3480"},{"taxonomy":"post_tag","embeddable":true,"href":"https:\/\/archive.sana.sy\/es\/index.php?rest_route=%2Fwp%2Fv2%2Ftags&post=3480"}],"curies":[{"name":"wp","href":"https:\/\/api.w.org\/{rel}","templated":true}]}}