{"id":34802,"date":"2015-12-08T12:27:16","date_gmt":"2015-12-08T10:27:16","guid":{"rendered":"http:\/\/sana.sy\/es\/?p=34802"},"modified":"2015-12-08T16:19:03","modified_gmt":"2015-12-08T14:19:03","slug":"medvedev-pide-otorgar-a-participantes-en-la-operacion-militar-en-siria-el-merito-de-veteranos","status":"publish","type":"post","link":"https:\/\/archive.sana.sy\/es\/?p=34802","title":{"rendered":"Medvedev pide otorgar a participantes en la operaci\u00f3n militar en Siria el m\u00e9rito de Veteranos"},"content":{"rendered":"<p><span style=\"color: #800000\">Mosc\u00fa, SANA<\/span><\/p>\n<p>El Primer Ministro ruso Dmitry Medvedev, pidi\u00f3 a algunos ministerios que estudien la realizaci\u00f3n de enmiendas a las legislaciones rusas antes del d\u00eda 10 de este mes, con el prop\u00f3sito de otorgar a los soldados rusos que participan en la operaci\u00f3n militar en Siria, el m\u00e9rito de de veteranos.<\/p>\n<p>El sitio de la Presidencia del Consejo de Ministros de Rusia explic\u00f3 que las instrucciones del Primer Ministro est\u00e1n dirigidos a los ministerios de Defensa, Trabajo, Industria y Finanzas.<\/p>\n<p>El presidente ruso Vladimir Putin hab\u00eda dado \u00f3rdenes en este sentido durante la reciente reuni\u00f3n del Consejo de Rusia para los Derechos Humanos el pasado mes de octubre.<\/p>\n<p>Fady M., Hala B.<\/p>\n","protected":false},"excerpt":{"rendered":"<p>Mosc\u00fa, SANA El Primer Ministro ruso Dmitry Medvedev, pidi\u00f3 a algunos ministerios que estudien la realizaci\u00f3n de enmiendas a las legislaciones rusas antes del d\u00eda 10 de este mes, con el prop\u00f3sito de otorgar a los soldados rusos que participan en la operaci\u00f3n militar en Siria, el m\u00e9rito de de veteranos. El sitio de la &hellip;<\/p>\n","protected":false},"author":1,"featured_media":34803,"comment_status":"closed","ping_status":"closed","sticky":false,"template":"","format":"standard","meta":{"footnotes":""},"categories":[456,457,576,7541],"tags":[7552],"class_list":["post-34802","post","type-post","status-publish","format-standard","has-post-thumbnail","","category-arabe-internacional-politica","category-noticias-arabe-internacional-politica","category-noticias-politicas","category-ultimas-noticias","tag-medvedev-pide-otorgar-a-participantes-en-la-operacion-militar-en-siria-el-merito-de-veteranos"],"_links":{"self":[{"href":"https:\/\/archive.sana.sy\/es\/index.php?rest_route=\/wp\/v2\/posts\/34802"}],"collection":[{"href":"https:\/\/archive.sana.sy\/es\/index.php?rest_route=\/wp\/v2\/posts"}],"about":[{"href":"https:\/\/archive.sana.sy\/es\/index.php?rest_route=\/wp\/v2\/types\/post"}],"author":[{"embeddable":true,"href":"https:\/\/archive.sana.sy\/es\/index.php?rest_route=\/wp\/v2\/users\/1"}],"replies":[{"embeddable":true,"href":"https:\/\/archive.sana.sy\/es\/index.php?rest_route=%2Fwp%2Fv2%2Fcomments&post=34802"}],"version-history":[{"count":0,"href":"https:\/\/archive.sana.sy\/es\/index.php?rest_route=\/wp\/v2\/posts\/34802\/revisions"}],"wp:featuredmedia":[{"embeddable":true,"href":"https:\/\/archive.sana.sy\/es\/index.php?rest_route=\/wp\/v2\/media\/34803"}],"wp:attachment":[{"href":"https:\/\/archive.sana.sy\/es\/index.php?rest_route=%2Fwp%2Fv2%2Fmedia&parent=34802"}],"wp:term":[{"taxonomy":"category","embeddable":true,"href":"https:\/\/archive.sana.sy\/es\/index.php?rest_route=%2Fwp%2Fv2%2Fcategories&post=34802"},{"taxonomy":"post_tag","embeddable":true,"href":"https:\/\/archive.sana.sy\/es\/index.php?rest_route=%2Fwp%2Fv2%2Ftags&post=34802"}],"curies":[{"name":"wp","href":"https:\/\/api.w.org\/{rel}","templated":true}]}}