{"id":348101,"date":"2025-03-05T12:35:43","date_gmt":"2025-03-05T09:35:43","guid":{"rendered":"https:\/\/sana.sy\/es\/?p=348101"},"modified":"2025-03-05T12:35:43","modified_gmt":"2025-03-05T09:35:43","slug":"defensa-civil-extingue-20-incendios-en-las-zonas-rurales-de-latakia-y-tartus","status":"publish","type":"post","link":"https:\/\/archive.sana.sy\/es\/?p=348101","title":{"rendered":"Defensa Civil extingue 20 incendios en las zonas rurales de Latakia y Tartus"},"content":{"rendered":"<p style=\"text-align: justify;\"><span style=\"color: #800000;\"><strong>Latakia \u2013 Tartus, 5 mar (SANA)<\/strong><\/span> Los equipos de Defensa Civil Siria extinguieron 20 incendios que se produjeron en las zonas rurales de Latakia y Tartus, en su mayor\u00eda son incendios forestales.<\/p>\n<p style=\"text-align: justify;\">La Defensa Civil Siria inform\u00f3 en una publicaci\u00f3n en su canal de Telegram, que los bomberos extinguieron un incendio forestal en la carretera de Deir Hanna en el campo de Qardaha en la Gobernaci\u00f3n de Latakia, despu\u00e9s de trabajar durante aproximadamente 7 horas.<\/p>\n<p style=\"text-align: justify;\">La Defensa Civil Siria indic\u00f3 que los equipos se enfrentaron a grandes desaf\u00edos debido a la geograf\u00eda monta\u00f1osa de la zona y el viento.<\/p>\n<p style=\"text-align: justify;\">Agradeci\u00f3 a los residentes que ayudaron a extinguir los incendios.<\/p>\n<p style=\"text-align: justify;\">La Defensa Civil destac\u00f3 que la cubierta vegetal es un tesoro nacional para todos los sirios y es deber de todos preservarla, proteger la biodiversidad y enfrentar el cambio clim\u00e1tico.<\/p>\n<div id='gallery-1' class='gallery galleryid-348101 gallery-columns-1 gallery-size-full'><figure class='gallery-item'>\n\t\t\t<div class='gallery-icon landscape'>\n\t\t\t\t<a href='https:\/\/archive.sana.sy\/es\/wp-content\/uploads\/2025\/03\/1-6.jpg'><img loading=\"lazy\" decoding=\"async\" width=\"660\" height=\"440\" src=\"https:\/\/archive.sana.sy\/es\/wp-content\/uploads\/2025\/03\/1-6.jpg\" class=\"attachment-full size-full\" alt=\"\" srcset=\"https:\/\/archive.sana.sy\/es\/wp-content\/uploads\/2025\/03\/1-6.jpg 660w, https:\/\/archive.sana.sy\/es\/wp-content\/uploads\/2025\/03\/1-6-300x200.jpg 300w, https:\/\/archive.sana.sy\/es\/wp-content\/uploads\/2025\/03\/1-6-150x100.jpg 150w\" sizes=\"(max-width: 660px) 100vw, 660px\" \/><\/a>\n\t\t\t<\/div><\/figure><figure class='gallery-item'>\n\t\t\t<div class='gallery-icon landscape'>\n\t\t\t\t<a href='https:\/\/archive.sana.sy\/es\/wp-content\/uploads\/2025\/03\/2-3.jpg'><img loading=\"lazy\" decoding=\"async\" width=\"660\" height=\"440\" src=\"https:\/\/archive.sana.sy\/es\/wp-content\/uploads\/2025\/03\/2-3.jpg\" class=\"attachment-full size-full\" alt=\"\" srcset=\"https:\/\/archive.sana.sy\/es\/wp-content\/uploads\/2025\/03\/2-3.jpg 660w, https:\/\/archive.sana.sy\/es\/wp-content\/uploads\/2025\/03\/2-3-300x200.jpg 300w, https:\/\/archive.sana.sy\/es\/wp-content\/uploads\/2025\/03\/2-3-150x100.jpg 150w\" sizes=\"(max-width: 660px) 100vw, 660px\" \/><\/a>\n\t\t\t<\/div><\/figure><figure class='gallery-item'>\n\t\t\t<div class='gallery-icon landscape'>\n\t\t\t\t<a href='https:\/\/archive.sana.sy\/es\/wp-content\/uploads\/2025\/03\/3-3.jpg'><img loading=\"lazy\" decoding=\"async\" width=\"660\" height=\"440\" src=\"https:\/\/archive.sana.sy\/es\/wp-content\/uploads\/2025\/03\/3-3.jpg\" class=\"attachment-full size-full\" alt=\"\" srcset=\"https:\/\/archive.sana.sy\/es\/wp-content\/uploads\/2025\/03\/3-3.jpg 660w, https:\/\/archive.sana.sy\/es\/wp-content\/uploads\/2025\/03\/3-3-300x200.jpg 300w, https:\/\/archive.sana.sy\/es\/wp-content\/uploads\/2025\/03\/3-3-150x100.jpg 150w\" sizes=\"(max-width: 660px) 100vw, 660px\" \/><\/a>\n\t\t\t<\/div><\/figure>\n\t\t<\/div>\n\n","protected":false},"excerpt":{"rendered":"<p>Latakia \u2013 Tartus, 5 mar (SANA) Los equipos de Defensa Civil Siria extinguieron 20 incendios que se produjeron en las zonas rurales de Latakia y Tartus, en su mayor\u00eda son incendios forestales. La Defensa Civil Siria inform\u00f3 en una publicaci\u00f3n en su canal de Telegram, que los bomberos extinguieron un incendio forestal en la carretera &hellip;<\/p>\n","protected":false},"author":42,"featured_media":348102,"comment_status":"closed","ping_status":"closed","sticky":false,"template":"","format":"standard","meta":{"footnotes":""},"categories":[597,20724,476,7541],"tags":[],"class_list":["post-348101","post","type-post","status-publish","format-standard","has-post-thumbnail","","category-cinta-de-noticias","category-minuto-a-minuto","category-locales","category-ultimas-noticias"],"_links":{"self":[{"href":"https:\/\/archive.sana.sy\/es\/index.php?rest_route=\/wp\/v2\/posts\/348101"}],"collection":[{"href":"https:\/\/archive.sana.sy\/es\/index.php?rest_route=\/wp\/v2\/posts"}],"about":[{"href":"https:\/\/archive.sana.sy\/es\/index.php?rest_route=\/wp\/v2\/types\/post"}],"author":[{"embeddable":true,"href":"https:\/\/archive.sana.sy\/es\/index.php?rest_route=\/wp\/v2\/users\/42"}],"replies":[{"embeddable":true,"href":"https:\/\/archive.sana.sy\/es\/index.php?rest_route=%2Fwp%2Fv2%2Fcomments&post=348101"}],"version-history":[{"count":1,"href":"https:\/\/archive.sana.sy\/es\/index.php?rest_route=\/wp\/v2\/posts\/348101\/revisions"}],"predecessor-version":[{"id":348106,"href":"https:\/\/archive.sana.sy\/es\/index.php?rest_route=\/wp\/v2\/posts\/348101\/revisions\/348106"}],"wp:featuredmedia":[{"embeddable":true,"href":"https:\/\/archive.sana.sy\/es\/index.php?rest_route=\/wp\/v2\/media\/348102"}],"wp:attachment":[{"href":"https:\/\/archive.sana.sy\/es\/index.php?rest_route=%2Fwp%2Fv2%2Fmedia&parent=348101"}],"wp:term":[{"taxonomy":"category","embeddable":true,"href":"https:\/\/archive.sana.sy\/es\/index.php?rest_route=%2Fwp%2Fv2%2Fcategories&post=348101"},{"taxonomy":"post_tag","embeddable":true,"href":"https:\/\/archive.sana.sy\/es\/index.php?rest_route=%2Fwp%2Fv2%2Ftags&post=348101"}],"curies":[{"name":"wp","href":"https:\/\/api.w.org\/{rel}","templated":true}]}}