{"id":34813,"date":"2015-12-08T18:16:13","date_gmt":"2015-12-08T16:16:13","guid":{"rendered":"http:\/\/sana.sy\/es\/?p=34813"},"modified":"2023-01-09T14:09:35","modified_gmt":"2023-01-09T12:09:35","slug":"sigue-en-marcha-el-acuerdo-de-reconciliacion-en-el-barrio-de-waer","status":"publish","type":"post","link":"https:\/\/archive.sana.sy\/es\/?p=34813","title":{"rendered":"Sigue en marcha el acuerdo de reconciliaci\u00f3n en el barrio de Waer"},"content":{"rendered":"<p><span style=\"color: #800000\">Homs, SANA<\/span><\/p>\n<p>El gobernador de Homs, Talal Barazi, afirm\u00f3 que el trabajo est\u00e1 en marcha para aplicar el acuerdo alcanzado por los comit\u00e9s para evacuar al barrio de Waer de los armados.<\/p>\n<p>En una declaraci\u00f3n a SANA, el gobernador Barazi declar\u00f3 que despu\u00e9s de acordar determinados puntos, se ha iniciado la aplicaci\u00f3n de la primera fase del acuerdo, cuyo lapso de tiempo es de 15 d\u00edas, durante el cual se aplica una tregua y se facilita el flujo de materiales de socorro y alimentos, y los comit\u00e9s competentes estudian la situaci\u00f3n de los detenidos y secuestrados.<\/p>\n<p>El gobernador estim\u00f3 que el primer grupo de &#8220;extremistas armados saldr\u00e1n del barrio este fin de semana&#8221;, se\u00f1alando que los extremistas que desean salir deben entregar sus armas medianas y pesadas y s\u00f3lo se le permitir\u00e1 llevar armas ligeras hacia el lugar determinado por los comit\u00e9s competentes.&#8221;<\/p>\n<p>Seg\u00fan el gobernador, &#8220;en la segunda fase, se normalizar\u00e1 el status jur\u00eddico de los hombres armados que deseen volver a sus vidas&#8221;, y en la segunda y tercera fase, volver\u00e1n a operar en el barrio todas las instituciones estatales.<\/p>\n<p>El gobernador destac\u00f3 que &#8220;al final de la tercera fase el barrio se declarar\u00e1 libre de las armas y los armados, y ser\u00e1 bajo la supervisi\u00f3n y la autoridad del Estado.&#8221;<\/p>\n<p>Cabe resaltar que los comit\u00e9s alcanzaron a inicios del mes en curso a un acuerdo para evacuar las armas y los armados del barrio de Waer, en preparaci\u00f3n para el regreso de todas las instituciones del Estado al mismo.<\/p>\n<p>Fady M., Hala B.<\/p>\n","protected":false},"excerpt":{"rendered":"<p>Homs, SANA El gobernador de Homs, Talal Barazi, afirm\u00f3 que el trabajo est\u00e1 en marcha para aplicar el acuerdo alcanzado por los comit\u00e9s para evacuar al barrio de Waer de los armados. En una declaraci\u00f3n a SANA, el gobernador Barazi declar\u00f3 que despu\u00e9s de acordar determinados puntos, se ha iniciado la aplicaci\u00f3n de la primera &hellip;<\/p>\n","protected":false},"author":1,"featured_media":34814,"comment_status":"closed","ping_status":"closed","sticky":false,"template":"","format":"standard","meta":{"footnotes":""},"categories":[477,597,476,7541],"tags":[7557],"class_list":["post-34813","post","type-post","status-publish","format-standard","has-post-thumbnail","","category-noticias-edulcorantes","category-cinta-de-noticias","category-locales","category-ultimas-noticias","tag-sigue-en-marcha-el-acuerdo-de-reconciliacion-en-el-barrio-de-waer"],"_links":{"self":[{"href":"https:\/\/archive.sana.sy\/es\/index.php?rest_route=\/wp\/v2\/posts\/34813"}],"collection":[{"href":"https:\/\/archive.sana.sy\/es\/index.php?rest_route=\/wp\/v2\/posts"}],"about":[{"href":"https:\/\/archive.sana.sy\/es\/index.php?rest_route=\/wp\/v2\/types\/post"}],"author":[{"embeddable":true,"href":"https:\/\/archive.sana.sy\/es\/index.php?rest_route=\/wp\/v2\/users\/1"}],"replies":[{"embeddable":true,"href":"https:\/\/archive.sana.sy\/es\/index.php?rest_route=%2Fwp%2Fv2%2Fcomments&post=34813"}],"version-history":[{"count":0,"href":"https:\/\/archive.sana.sy\/es\/index.php?rest_route=\/wp\/v2\/posts\/34813\/revisions"}],"wp:featuredmedia":[{"embeddable":true,"href":"https:\/\/archive.sana.sy\/es\/index.php?rest_route=\/wp\/v2\/media\/34814"}],"wp:attachment":[{"href":"https:\/\/archive.sana.sy\/es\/index.php?rest_route=%2Fwp%2Fv2%2Fmedia&parent=34813"}],"wp:term":[{"taxonomy":"category","embeddable":true,"href":"https:\/\/archive.sana.sy\/es\/index.php?rest_route=%2Fwp%2Fv2%2Fcategories&post=34813"},{"taxonomy":"post_tag","embeddable":true,"href":"https:\/\/archive.sana.sy\/es\/index.php?rest_route=%2Fwp%2Fv2%2Ftags&post=34813"}],"curies":[{"name":"wp","href":"https:\/\/api.w.org\/{rel}","templated":true}]}}