{"id":348142,"date":"2025-03-05T18:09:13","date_gmt":"2025-03-05T15:09:13","guid":{"rendered":"https:\/\/sana.sy\/es\/?p=348142"},"modified":"2025-03-05T18:09:58","modified_gmt":"2025-03-05T15:09:58","slug":"una-delegacion-alemana-llega-a-siria-para-debatir-cooperacion-entre-las-universidades-sirias-y-alemanas","status":"publish","type":"post","link":"https:\/\/archive.sana.sy\/es\/?p=348142","title":{"rendered":"Una delegaci\u00f3n de DAAD llega a Siria para debatir cooperaci\u00f3n entre las universidades sirias y alemanas"},"content":{"rendered":"<p style=\"text-align: justify\"><span style=\"color: #800000\"><strong>Damasco, 05 mar (SANA)<\/strong><\/span> El Ministro de Educaci\u00f3n Superior e Investigaci\u00f3n Cient\u00edfica, \u00a0Abdel Moneim Abdel Hafez, recibi\u00f3 este mi\u00e9rcoles a una delegaci\u00f3n del Ministerio de Asuntos Exteriores de Alemania y representantes del Servicio Alem\u00e1n de Intercambio Acad\u00e9mico (DAAD).<\/p>\n<p style=\"text-align: justify\">Durante la reuni\u00f3n, que tuvo lugar en la sede del Ministerio, fueron abordados los temas del intercambio de becas y la renovaci\u00f3n de los acuerdos de cooperaci\u00f3n cient\u00edfica y acad\u00e9mica entre las universidades sirias y alemanas.<\/p>\n","protected":false},"excerpt":{"rendered":"<p>Damasco, 05 mar (SANA) El Ministro de Educaci\u00f3n Superior e Investigaci\u00f3n Cient\u00edfica, \u00a0Abdel Moneim Abdel Hafez, recibi\u00f3 este mi\u00e9rcoles a una delegaci\u00f3n del Ministerio de Asuntos Exteriores de Alemania y representantes del Servicio Alem\u00e1n de Intercambio Acad\u00e9mico (DAAD). Durante la reuni\u00f3n, que tuvo lugar en la sede del Ministerio, fueron abordados los temas del intercambio &hellip;<\/p>\n","protected":false},"author":24,"featured_media":348143,"comment_status":"closed","ping_status":"closed","sticky":false,"template":"","format":"standard","meta":{"footnotes":""},"categories":[447,597,476,467,7541],"tags":[],"class_list":["post-348142","post","type-post","status-publish","format-standard","has-post-thumbnail","","category-local-politica","category-cinta-de-noticias","category-locales","category-siria-y-el-mundo","category-ultimas-noticias"],"_links":{"self":[{"href":"https:\/\/archive.sana.sy\/es\/index.php?rest_route=\/wp\/v2\/posts\/348142"}],"collection":[{"href":"https:\/\/archive.sana.sy\/es\/index.php?rest_route=\/wp\/v2\/posts"}],"about":[{"href":"https:\/\/archive.sana.sy\/es\/index.php?rest_route=\/wp\/v2\/types\/post"}],"author":[{"embeddable":true,"href":"https:\/\/archive.sana.sy\/es\/index.php?rest_route=\/wp\/v2\/users\/24"}],"replies":[{"embeddable":true,"href":"https:\/\/archive.sana.sy\/es\/index.php?rest_route=%2Fwp%2Fv2%2Fcomments&post=348142"}],"version-history":[{"count":2,"href":"https:\/\/archive.sana.sy\/es\/index.php?rest_route=\/wp\/v2\/posts\/348142\/revisions"}],"predecessor-version":[{"id":348145,"href":"https:\/\/archive.sana.sy\/es\/index.php?rest_route=\/wp\/v2\/posts\/348142\/revisions\/348145"}],"wp:featuredmedia":[{"embeddable":true,"href":"https:\/\/archive.sana.sy\/es\/index.php?rest_route=\/wp\/v2\/media\/348143"}],"wp:attachment":[{"href":"https:\/\/archive.sana.sy\/es\/index.php?rest_route=%2Fwp%2Fv2%2Fmedia&parent=348142"}],"wp:term":[{"taxonomy":"category","embeddable":true,"href":"https:\/\/archive.sana.sy\/es\/index.php?rest_route=%2Fwp%2Fv2%2Fcategories&post=348142"},{"taxonomy":"post_tag","embeddable":true,"href":"https:\/\/archive.sana.sy\/es\/index.php?rest_route=%2Fwp%2Fv2%2Ftags&post=348142"}],"curies":[{"name":"wp","href":"https:\/\/api.w.org\/{rel}","templated":true}]}}