{"id":348153,"date":"2025-03-06T08:10:14","date_gmt":"2025-03-06T05:10:14","guid":{"rendered":"https:\/\/sana.sy\/es\/?p=348153"},"modified":"2025-03-06T08:10:14","modified_gmt":"2025-03-06T05:10:14","slug":"cancilleres-de-siria-y-holanda-se-reunen-en-la-haya","status":"publish","type":"post","link":"https:\/\/archive.sana.sy\/es\/?p=348153","title":{"rendered":"Cancilleres de Siria y Holanda se re\u00fanen en La Haya"},"content":{"rendered":"<p style=\"text-align: justify;\"><span style=\"color: #800000;\"><strong>La Haya, 6 mar\u00a0 (SANA)\u00a0<\/strong> <\/span>El ministro sirio de Asuntos Exteriores, Asaad Al-Shaibani, se re\u00fane con su hom\u00f3logo holand\u00e9s, Caspar Veldkamp, \u200b\u200ben La Haya, Pa\u00edses Bajos.<\/p>\n","protected":false},"excerpt":{"rendered":"<p>La Haya, 6 mar\u00a0 (SANA)\u00a0 El ministro sirio de Asuntos Exteriores, Asaad Al-Shaibani, se re\u00fane con su hom\u00f3logo holand\u00e9s, Caspar Veldkamp, \u200b\u200ben La Haya, Pa\u00edses Bajos.<\/p>\n","protected":false},"author":34,"featured_media":348147,"comment_status":"closed","ping_status":"closed","sticky":false,"template":"","format":"standard","meta":{"footnotes":""},"categories":[447,477,597,20724,476,467,7541],"tags":[],"class_list":["post-348153","post","type-post","status-publish","format-standard","has-post-thumbnail","","category-local-politica","category-noticias-edulcorantes","category-cinta-de-noticias","category-minuto-a-minuto","category-locales","category-siria-y-el-mundo","category-ultimas-noticias"],"_links":{"self":[{"href":"https:\/\/archive.sana.sy\/es\/index.php?rest_route=\/wp\/v2\/posts\/348153"}],"collection":[{"href":"https:\/\/archive.sana.sy\/es\/index.php?rest_route=\/wp\/v2\/posts"}],"about":[{"href":"https:\/\/archive.sana.sy\/es\/index.php?rest_route=\/wp\/v2\/types\/post"}],"author":[{"embeddable":true,"href":"https:\/\/archive.sana.sy\/es\/index.php?rest_route=\/wp\/v2\/users\/34"}],"replies":[{"embeddable":true,"href":"https:\/\/archive.sana.sy\/es\/index.php?rest_route=%2Fwp%2Fv2%2Fcomments&post=348153"}],"version-history":[{"count":1,"href":"https:\/\/archive.sana.sy\/es\/index.php?rest_route=\/wp\/v2\/posts\/348153\/revisions"}],"predecessor-version":[{"id":348154,"href":"https:\/\/archive.sana.sy\/es\/index.php?rest_route=\/wp\/v2\/posts\/348153\/revisions\/348154"}],"wp:featuredmedia":[{"embeddable":true,"href":"https:\/\/archive.sana.sy\/es\/index.php?rest_route=\/wp\/v2\/media\/348147"}],"wp:attachment":[{"href":"https:\/\/archive.sana.sy\/es\/index.php?rest_route=%2Fwp%2Fv2%2Fmedia&parent=348153"}],"wp:term":[{"taxonomy":"category","embeddable":true,"href":"https:\/\/archive.sana.sy\/es\/index.php?rest_route=%2Fwp%2Fv2%2Fcategories&post=348153"},{"taxonomy":"post_tag","embeddable":true,"href":"https:\/\/archive.sana.sy\/es\/index.php?rest_route=%2Fwp%2Fv2%2Ftags&post=348153"}],"curies":[{"name":"wp","href":"https:\/\/api.w.org\/{rel}","templated":true}]}}