{"id":348158,"date":"2025-03-06T15:50:17","date_gmt":"2025-03-06T12:50:17","guid":{"rendered":"https:\/\/sana.sy\/es\/?p=348158"},"modified":"2025-03-06T15:50:17","modified_gmt":"2025-03-06T12:50:17","slug":"canciller-sirio-resume-sus-actividades-en-la-haya","status":"publish","type":"post","link":"https:\/\/archive.sana.sy\/es\/?p=348158","title":{"rendered":"Canciller sirio resume sus actividades en La Haya"},"content":{"rendered":"<blockquote>\n<p style=\"text-align: justify;\"><span style=\"color: #993300;\">El Canciller escribi\u00f3 en la plataforma X que \u201cpor primera vez en la historia, Siria se dirigi\u00f3 directamente al Consejo Ejecutivo de la Organizaci\u00f3n para la Prohibici\u00f3n de las Armas Qu\u00edmicas y reafirm\u00f3 el compromiso de resolver la crisis heredada del r\u00e9gimen de Assad durante 14 a\u00f1os.<\/span><\/p>\n<\/blockquote>\n<p style=\"text-align: justify;\">\n<p style=\"text-align: justify;\"><strong><span style=\"color: #800000;\">La Haya, 6 mar (SANA)<\/span><\/strong>\u00a0\u00a0\u00a0 El ministro de Asuntos Exteriores, Asaad Al-Shaibani, resumi\u00f3 hoy sus actividades y reuniones diplom\u00e1ticas realizadas durante su visita de 24 horas a los Pa\u00edses Bajos.<\/p>\n<p style=\"text-align: justify;\">El Canciller escribi\u00f3 en la plataforma X que \u201cpor primera vez en la historia, Siria se dirigi\u00f3 directamente al Consejo Ejecutivo de la Organizaci\u00f3n para la Prohibici\u00f3n de las Armas Qu\u00edmicas y reafirm\u00f3 el compromiso de resolver la crisis heredada del r\u00e9gimen de Assad durante 14 a\u00f1os.<\/p>\n<p style=\"text-align: justify;\">Es nuestro deber garantizar que estos cr\u00edmenes no se repitan y que se haga justicia para las v\u00edctimas de las masacres qu\u00edmicas de Assad, dijo el Ministro.<\/p>\n<p style=\"text-align: justify;\">Agreg\u00f3 que su reuni\u00f3n con el Fiscal de la Corte Penal Internacional, Karim Khan, fortaleci\u00f3 el camino hacia la justicia transicional.<\/p>\n<p style=\"text-align: justify;\">Durante 14 a\u00f1os, y mucho antes, el mundo no ha logrado que se haga justicia para el pueblo sirio que ha sufrido cr\u00edmenes atroces. Pero hoy, avanzamos codo a codo con la comunidad internacional para responsabilizar a los criminales y garantizar que prevalezca la justicia, explic\u00f3 el Titular.<\/p>\n<p style=\"text-align: justify;\">Habl\u00f3 tambi\u00e9n de su reuni\u00f3n con la directora general del Comit\u00e9 Internacional de Personas Desaparecidas, Catherine Bomberger, y destac\u00f3 que la cita buscaba mejorar la cooperaci\u00f3n en la b\u00fasqueda de personas desaparecidas por la fuerza y revelar el destino de los desaparecidos en Siria.<\/p>\n<p style=\"text-align: justify;\">No descansaremos hasta que se conozca el destino de cada persona desaparecida, o hasta que cada familia obtenga su derecho a saber la verdad y llorar en paz, afirm\u00f3.<\/p>\n<p style=\"text-align: justify;\">El Canciller sirio sostuvo tambi\u00e9n conversaciones con su hom\u00f3logo holand\u00e9s, Caspar Veldkamp, para abrir una nueva p\u00e1gina de relaciones sirio-holandesas de una manera que favorezca a los intereses de los pueblos de los dos pueblos.<\/p>\n<div id='gallery-1' class='gallery galleryid-348158 gallery-columns-1 gallery-size-full'><figure class='gallery-item'>\n\t\t\t<div class='gallery-icon landscape'>\n\t\t\t\t<a href='https:\/\/archive.sana.sy\/es\/wp-content\/uploads\/2025\/03\/0-13.jpg'><img loading=\"lazy\" decoding=\"async\" width=\"660\" height=\"370\" src=\"https:\/\/archive.sana.sy\/es\/wp-content\/uploads\/2025\/03\/0-13.jpg\" class=\"attachment-full size-full\" alt=\"\" srcset=\"https:\/\/archive.sana.sy\/es\/wp-content\/uploads\/2025\/03\/0-13.jpg 660w, https:\/\/archive.sana.sy\/es\/wp-content\/uploads\/2025\/03\/0-13-300x168.jpg 300w, https:\/\/archive.sana.sy\/es\/wp-content\/uploads\/2025\/03\/0-13-150x84.jpg 150w\" sizes=\"(max-width: 660px) 100vw, 660px\" \/><\/a>\n\t\t\t<\/div><\/figure><figure class='gallery-item'>\n\t\t\t<div class='gallery-icon landscape'>\n\t\t\t\t<a href='https:\/\/archive.sana.sy\/es\/wp-content\/uploads\/2025\/03\/shebane-13.jpg'><img loading=\"lazy\" decoding=\"async\" width=\"750\" height=\"422\" src=\"https:\/\/archive.sana.sy\/es\/wp-content\/uploads\/2025\/03\/shebane-13.jpg\" class=\"attachment-full size-full\" alt=\"\" srcset=\"https:\/\/archive.sana.sy\/es\/wp-content\/uploads\/2025\/03\/shebane-13.jpg 750w, https:\/\/archive.sana.sy\/es\/wp-content\/uploads\/2025\/03\/shebane-13-300x169.jpg 300w, https:\/\/archive.sana.sy\/es\/wp-content\/uploads\/2025\/03\/shebane-13-150x84.jpg 150w\" sizes=\"(max-width: 750px) 100vw, 750px\" \/><\/a>\n\t\t\t<\/div><\/figure><figure class='gallery-item'>\n\t\t\t<div class='gallery-icon landscape'>\n\t\t\t\t<a href='https:\/\/archive.sana.sy\/es\/wp-content\/uploads\/2025\/03\/shebane12.jpg'><img loading=\"lazy\" decoding=\"async\" width=\"750\" height=\"422\" src=\"https:\/\/archive.sana.sy\/es\/wp-content\/uploads\/2025\/03\/shebane12.jpg\" class=\"attachment-full size-full\" alt=\"\" srcset=\"https:\/\/archive.sana.sy\/es\/wp-content\/uploads\/2025\/03\/shebane12.jpg 750w, https:\/\/archive.sana.sy\/es\/wp-content\/uploads\/2025\/03\/shebane12-300x169.jpg 300w, https:\/\/archive.sana.sy\/es\/wp-content\/uploads\/2025\/03\/shebane12-150x84.jpg 150w\" sizes=\"(max-width: 750px) 100vw, 750px\" \/><\/a>\n\t\t\t<\/div><\/figure><figure class='gallery-item'>\n\t\t\t<div class='gallery-icon landscape'>\n\t\t\t\t<a href='https:\/\/archive.sana.sy\/es\/wp-content\/uploads\/2025\/03\/shebane-11.jpg'><img loading=\"lazy\" decoding=\"async\" width=\"750\" height=\"421\" src=\"https:\/\/archive.sana.sy\/es\/wp-content\/uploads\/2025\/03\/shebane-11.jpg\" class=\"attachment-full size-full\" alt=\"\" srcset=\"https:\/\/archive.sana.sy\/es\/wp-content\/uploads\/2025\/03\/shebane-11.jpg 750w, https:\/\/archive.sana.sy\/es\/wp-content\/uploads\/2025\/03\/shebane-11-300x168.jpg 300w, https:\/\/archive.sana.sy\/es\/wp-content\/uploads\/2025\/03\/shebane-11-150x84.jpg 150w\" sizes=\"(max-width: 750px) 100vw, 750px\" \/><\/a>\n\t\t\t<\/div><\/figure><figure class='gallery-item'>\n\t\t\t<div class='gallery-icon landscape'>\n\t\t\t\t<a href='https:\/\/archive.sana.sy\/es\/wp-content\/uploads\/2025\/03\/shebane-10.jpg'><img loading=\"lazy\" decoding=\"async\" width=\"750\" height=\"422\" src=\"https:\/\/archive.sana.sy\/es\/wp-content\/uploads\/2025\/03\/shebane-10.jpg\" class=\"attachment-full size-full\" alt=\"\" srcset=\"https:\/\/archive.sana.sy\/es\/wp-content\/uploads\/2025\/03\/shebane-10.jpg 750w, https:\/\/archive.sana.sy\/es\/wp-content\/uploads\/2025\/03\/shebane-10-300x169.jpg 300w, https:\/\/archive.sana.sy\/es\/wp-content\/uploads\/2025\/03\/shebane-10-150x84.jpg 150w\" sizes=\"(max-width: 750px) 100vw, 750px\" \/><\/a>\n\t\t\t<\/div><\/figure><figure class='gallery-item'>\n\t\t\t<div class='gallery-icon landscape'>\n\t\t\t\t<a href='https:\/\/archive.sana.sy\/es\/wp-content\/uploads\/2025\/03\/agha-khan-13.jpg'><img loading=\"lazy\" decoding=\"async\" width=\"750\" height=\"422\" src=\"https:\/\/archive.sana.sy\/es\/wp-content\/uploads\/2025\/03\/agha-khan-13.jpg\" class=\"attachment-full size-full\" alt=\"\" srcset=\"https:\/\/archive.sana.sy\/es\/wp-content\/uploads\/2025\/03\/agha-khan-13.jpg 750w, https:\/\/archive.sana.sy\/es\/wp-content\/uploads\/2025\/03\/agha-khan-13-300x169.jpg 300w, https:\/\/archive.sana.sy\/es\/wp-content\/uploads\/2025\/03\/agha-khan-13-150x84.jpg 150w\" sizes=\"(max-width: 750px) 100vw, 750px\" \/><\/a>\n\t\t\t<\/div><\/figure><figure class='gallery-item'>\n\t\t\t<div class='gallery-icon landscape'>\n\t\t\t\t<a href='https:\/\/archive.sana.sy\/es\/wp-content\/uploads\/2025\/03\/agha-khan-12.jpg'><img loading=\"lazy\" decoding=\"async\" width=\"750\" height=\"421\" src=\"https:\/\/archive.sana.sy\/es\/wp-content\/uploads\/2025\/03\/agha-khan-12.jpg\" class=\"attachment-full size-full\" alt=\"\" srcset=\"https:\/\/archive.sana.sy\/es\/wp-content\/uploads\/2025\/03\/agha-khan-12.jpg 750w, https:\/\/archive.sana.sy\/es\/wp-content\/uploads\/2025\/03\/agha-khan-12-300x168.jpg 300w, https:\/\/archive.sana.sy\/es\/wp-content\/uploads\/2025\/03\/agha-khan-12-150x84.jpg 150w\" sizes=\"(max-width: 750px) 100vw, 750px\" \/><\/a>\n\t\t\t<\/div><\/figure><figure class='gallery-item'>\n\t\t\t<div class='gallery-icon landscape'>\n\t\t\t\t<a href='https:\/\/archive.sana.sy\/es\/wp-content\/uploads\/2025\/03\/agha-khan-11.jpg'><img loading=\"lazy\" decoding=\"async\" width=\"750\" height=\"422\" src=\"https:\/\/archive.sana.sy\/es\/wp-content\/uploads\/2025\/03\/agha-khan-11.jpg\" class=\"attachment-full size-full\" alt=\"\" srcset=\"https:\/\/archive.sana.sy\/es\/wp-content\/uploads\/2025\/03\/agha-khan-11.jpg 750w, https:\/\/archive.sana.sy\/es\/wp-content\/uploads\/2025\/03\/agha-khan-11-300x169.jpg 300w, https:\/\/archive.sana.sy\/es\/wp-content\/uploads\/2025\/03\/agha-khan-11-150x84.jpg 150w\" sizes=\"(max-width: 750px) 100vw, 750px\" \/><\/a>\n\t\t\t<\/div><\/figure><figure class='gallery-item'>\n\t\t\t<div class='gallery-icon landscape'>\n\t\t\t\t<a href='https:\/\/archive.sana.sy\/es\/wp-content\/uploads\/2025\/03\/shebane-14.jpg'><img loading=\"lazy\" decoding=\"async\" width=\"750\" height=\"422\" src=\"https:\/\/archive.sana.sy\/es\/wp-content\/uploads\/2025\/03\/shebane-14.jpg\" class=\"attachment-full size-full\" alt=\"\" srcset=\"https:\/\/archive.sana.sy\/es\/wp-content\/uploads\/2025\/03\/shebane-14.jpg 750w, https:\/\/archive.sana.sy\/es\/wp-content\/uploads\/2025\/03\/shebane-14-300x169.jpg 300w, https:\/\/archive.sana.sy\/es\/wp-content\/uploads\/2025\/03\/shebane-14-150x84.jpg 150w\" sizes=\"(max-width: 750px) 100vw, 750px\" \/><\/a>\n\t\t\t<\/div><\/figure>\n\t\t<\/div>\n\n","protected":false},"excerpt":{"rendered":"<p>El Canciller escribi\u00f3 en la plataforma X que \u201cpor primera vez en la historia, Siria se dirigi\u00f3 directamente al Consejo Ejecutivo de la Organizaci\u00f3n para la Prohibici\u00f3n de las Armas Qu\u00edmicas y reafirm\u00f3 el compromiso de resolver la crisis heredada del r\u00e9gimen de Assad durante 14 a\u00f1os. La Haya, 6 mar (SANA)\u00a0\u00a0\u00a0 El ministro de &hellip;<\/p>\n","protected":false},"author":43,"featured_media":348159,"comment_status":"closed","ping_status":"closed","sticky":false,"template":"","format":"standard","meta":{"footnotes":""},"categories":[597,20724,467,583],"tags":[],"class_list":["post-348158","post","type-post","status-publish","format-standard","has-post-thumbnail","","category-cinta-de-noticias","category-minuto-a-minuto","category-siria-y-el-mundo","category-slide"],"_links":{"self":[{"href":"https:\/\/archive.sana.sy\/es\/index.php?rest_route=\/wp\/v2\/posts\/348158"}],"collection":[{"href":"https:\/\/archive.sana.sy\/es\/index.php?rest_route=\/wp\/v2\/posts"}],"about":[{"href":"https:\/\/archive.sana.sy\/es\/index.php?rest_route=\/wp\/v2\/types\/post"}],"author":[{"embeddable":true,"href":"https:\/\/archive.sana.sy\/es\/index.php?rest_route=\/wp\/v2\/users\/43"}],"replies":[{"embeddable":true,"href":"https:\/\/archive.sana.sy\/es\/index.php?rest_route=%2Fwp%2Fv2%2Fcomments&post=348158"}],"version-history":[{"count":1,"href":"https:\/\/archive.sana.sy\/es\/index.php?rest_route=\/wp\/v2\/posts\/348158\/revisions"}],"predecessor-version":[{"id":348169,"href":"https:\/\/archive.sana.sy\/es\/index.php?rest_route=\/wp\/v2\/posts\/348158\/revisions\/348169"}],"wp:featuredmedia":[{"embeddable":true,"href":"https:\/\/archive.sana.sy\/es\/index.php?rest_route=\/wp\/v2\/media\/348159"}],"wp:attachment":[{"href":"https:\/\/archive.sana.sy\/es\/index.php?rest_route=%2Fwp%2Fv2%2Fmedia&parent=348158"}],"wp:term":[{"taxonomy":"category","embeddable":true,"href":"https:\/\/archive.sana.sy\/es\/index.php?rest_route=%2Fwp%2Fv2%2Fcategories&post=348158"},{"taxonomy":"post_tag","embeddable":true,"href":"https:\/\/archive.sana.sy\/es\/index.php?rest_route=%2Fwp%2Fv2%2Ftags&post=348158"}],"curies":[{"name":"wp","href":"https:\/\/api.w.org\/{rel}","templated":true}]}}