{"id":348173,"date":"2025-03-06T17:14:09","date_gmt":"2025-03-06T14:14:09","guid":{"rendered":"https:\/\/sana.sy\/es\/?p=348173"},"modified":"2025-03-06T17:14:09","modified_gmt":"2025-03-06T14:14:09","slug":"funcionario-de-la-onu-siria-necesita-urgentemente-una-reconstruccion","status":"publish","type":"post","link":"https:\/\/archive.sana.sy\/es\/?p=348173","title":{"rendered":"Funcionario de la ONU: Siria necesita urgentemente una reconstrucci\u00f3n"},"content":{"rendered":"<p style=\"text-align: justify;\"><span style=\"color: #800000;\"><strong>Ginebra, 6 mar (SANA)<\/strong> <\/span>El jefe del Departamento de Medio Oriente y \u00c1frica del Norte de la Oficina del Alto Comisionado de las Naciones Unidas para los Derechos Humanos, Mohammad Al-Nsour, indic\u00f3 que Siria tiene una necesidad urgente de reconstrucci\u00f3n y se\u00f1al\u00f3 que las sanciones occidentales afectan negativamente al pueblo sirio.<\/p>\n<p style=\"text-align: justify;\">\u201cAcogemos con satisfacci\u00f3n la suspensi\u00f3n de algunas sanciones \u00faltimamente, pero esto debe ir paralelo con la justicia transiciona\u201d, dijo Al-Nsour en una entrevista con el sitio web emirat\u00ed \u201cAkhbar Alaan\u201d.<\/p>\n<p style=\"text-align: justify;\">Asimismo, explic\u00f3 que a la ONU se le ha prohibido trabajar en Siria desde 2011 y se ha visto obligada a trabajar en casos de derechos humanos desde fuera del pa\u00eds. Sin embargo, actualmente hay un equipo de la ONU en Damasco que trabaja con las autoridades sirias en muchos casos, como la reconstrucci\u00f3n de instituciones sobre la base de derechos.<\/p>\n<p style=\"text-align: justify;\">Respecto a la cuesti\u00f3n de los refugiados sirios, el referido funcionario explic\u00f3 que la ONU est\u00e1 haciendo un seguimiento de este asunto y que el retorno de los refugiados de los pa\u00edses vecinos est\u00e1 en curso, as\u00ed como se\u00f1al\u00f3 que el mayor desaf\u00edo radica en la capacidad del gobierno sirio para absorber a los retornados en vista de la falta de servicios b\u00e1sicos.<\/p>\n","protected":false},"excerpt":{"rendered":"<p>Ginebra, 6 mar (SANA) El jefe del Departamento de Medio Oriente y \u00c1frica del Norte de la Oficina del Alto Comisionado de las Naciones Unidas para los Derechos Humanos, Mohammad Al-Nsour, indic\u00f3 que Siria tiene una necesidad urgente de reconstrucci\u00f3n y se\u00f1al\u00f3 que las sanciones occidentales afectan negativamente al pueblo sirio. \u201cAcogemos con satisfacci\u00f3n la &hellip;<\/p>\n","protected":false},"author":43,"featured_media":348174,"comment_status":"closed","ping_status":"closed","sticky":false,"template":"","format":"standard","meta":{"footnotes":""},"categories":[597,456,20724,467,7541],"tags":[],"class_list":["post-348173","post","type-post","status-publish","format-standard","has-post-thumbnail","","category-cinta-de-noticias","category-arabe-internacional-politica","category-minuto-a-minuto","category-siria-y-el-mundo","category-ultimas-noticias"],"_links":{"self":[{"href":"https:\/\/archive.sana.sy\/es\/index.php?rest_route=\/wp\/v2\/posts\/348173"}],"collection":[{"href":"https:\/\/archive.sana.sy\/es\/index.php?rest_route=\/wp\/v2\/posts"}],"about":[{"href":"https:\/\/archive.sana.sy\/es\/index.php?rest_route=\/wp\/v2\/types\/post"}],"author":[{"embeddable":true,"href":"https:\/\/archive.sana.sy\/es\/index.php?rest_route=\/wp\/v2\/users\/43"}],"replies":[{"embeddable":true,"href":"https:\/\/archive.sana.sy\/es\/index.php?rest_route=%2Fwp%2Fv2%2Fcomments&post=348173"}],"version-history":[{"count":1,"href":"https:\/\/archive.sana.sy\/es\/index.php?rest_route=\/wp\/v2\/posts\/348173\/revisions"}],"predecessor-version":[{"id":348175,"href":"https:\/\/archive.sana.sy\/es\/index.php?rest_route=\/wp\/v2\/posts\/348173\/revisions\/348175"}],"wp:featuredmedia":[{"embeddable":true,"href":"https:\/\/archive.sana.sy\/es\/index.php?rest_route=\/wp\/v2\/media\/348174"}],"wp:attachment":[{"href":"https:\/\/archive.sana.sy\/es\/index.php?rest_route=%2Fwp%2Fv2%2Fmedia&parent=348173"}],"wp:term":[{"taxonomy":"category","embeddable":true,"href":"https:\/\/archive.sana.sy\/es\/index.php?rest_route=%2Fwp%2Fv2%2Fcategories&post=348173"},{"taxonomy":"post_tag","embeddable":true,"href":"https:\/\/archive.sana.sy\/es\/index.php?rest_route=%2Fwp%2Fv2%2Ftags&post=348173"}],"curies":[{"name":"wp","href":"https:\/\/api.w.org\/{rel}","templated":true}]}}