{"id":348177,"date":"2025-03-06T17:43:46","date_gmt":"2025-03-06T14:43:46","guid":{"rendered":"https:\/\/sana.sy\/es\/?p=348177"},"modified":"2025-03-06T17:43:46","modified_gmt":"2025-03-06T14:43:46","slug":"sudafrica-los-ataques-israelies-contra-territorio-sirio-violan-su-soberania","status":"publish","type":"post","link":"https:\/\/archive.sana.sy\/es\/?p=348177","title":{"rendered":"Sud\u00e1frica: Los ataques israel\u00edes contra territorio sirio violan su soberan\u00eda"},"content":{"rendered":"<p style=\"text-align: justify;\"><span style=\"color: #800000;\"><strong>Johannesburgo, 6 mar (SANA)<\/strong><\/span> La Rep\u00fablica de Sud\u00e1frica destac\u00f3 que los continuos ataques israel\u00edes contra territorios sirios constituyen una flagrante violaci\u00f3n de la soberan\u00eda de Siria.<\/p>\n<p style=\"text-align: justify;\">El Ministerio de Asuntos Exteriores de Sud\u00e1frica expres\u00f3 ayer en su p\u00e1gina web su profunda preocupaci\u00f3n por las continuas violaciones por parte de \u201cIsrael\u201d de la soberan\u00eda, la unidad y la integridad territorial de Siria, en particular en las localidades del sur de Damasco y en la provincia meridional de Deraa.<\/p>\n<p style=\"text-align: justify;\">La Canciller\u00eda de Sud\u00e1frica indic\u00f3 en su comunicado que las declaraciones emitidas por &#8220;Israel&#8221; a este respecto constituyen una violaci\u00f3n de la soberan\u00eda de Siria.<\/p>\n","protected":false},"excerpt":{"rendered":"<p>Johannesburgo, 6 mar (SANA) La Rep\u00fablica de Sud\u00e1frica destac\u00f3 que los continuos ataques israel\u00edes contra territorios sirios constituyen una flagrante violaci\u00f3n de la soberan\u00eda de Siria. El Ministerio de Asuntos Exteriores de Sud\u00e1frica expres\u00f3 ayer en su p\u00e1gina web su profunda preocupaci\u00f3n por las continuas violaciones por parte de \u201cIsrael\u201d de la soberan\u00eda, la unidad &hellip;<\/p>\n","protected":false},"author":43,"featured_media":348178,"comment_status":"closed","ping_status":"closed","sticky":false,"template":"","format":"standard","meta":{"footnotes":""},"categories":[597,456,20724,467,7541],"tags":[],"class_list":["post-348177","post","type-post","status-publish","format-standard","has-post-thumbnail","","category-cinta-de-noticias","category-arabe-internacional-politica","category-minuto-a-minuto","category-siria-y-el-mundo","category-ultimas-noticias"],"_links":{"self":[{"href":"https:\/\/archive.sana.sy\/es\/index.php?rest_route=\/wp\/v2\/posts\/348177"}],"collection":[{"href":"https:\/\/archive.sana.sy\/es\/index.php?rest_route=\/wp\/v2\/posts"}],"about":[{"href":"https:\/\/archive.sana.sy\/es\/index.php?rest_route=\/wp\/v2\/types\/post"}],"author":[{"embeddable":true,"href":"https:\/\/archive.sana.sy\/es\/index.php?rest_route=\/wp\/v2\/users\/43"}],"replies":[{"embeddable":true,"href":"https:\/\/archive.sana.sy\/es\/index.php?rest_route=%2Fwp%2Fv2%2Fcomments&post=348177"}],"version-history":[{"count":1,"href":"https:\/\/archive.sana.sy\/es\/index.php?rest_route=\/wp\/v2\/posts\/348177\/revisions"}],"predecessor-version":[{"id":348179,"href":"https:\/\/archive.sana.sy\/es\/index.php?rest_route=\/wp\/v2\/posts\/348177\/revisions\/348179"}],"wp:featuredmedia":[{"embeddable":true,"href":"https:\/\/archive.sana.sy\/es\/index.php?rest_route=\/wp\/v2\/media\/348178"}],"wp:attachment":[{"href":"https:\/\/archive.sana.sy\/es\/index.php?rest_route=%2Fwp%2Fv2%2Fmedia&parent=348177"}],"wp:term":[{"taxonomy":"category","embeddable":true,"href":"https:\/\/archive.sana.sy\/es\/index.php?rest_route=%2Fwp%2Fv2%2Fcategories&post=348177"},{"taxonomy":"post_tag","embeddable":true,"href":"https:\/\/archive.sana.sy\/es\/index.php?rest_route=%2Fwp%2Fv2%2Ftags&post=348177"}],"curies":[{"name":"wp","href":"https:\/\/api.w.org\/{rel}","templated":true}]}}